{"id":58792,"date":"2019-08-22T09:48:58","date_gmt":"2019-08-22T13:48:58","guid":{"rendered":"https:\/\/linitiative.ca\/International\/ouargla-dimportants-progres-realises-par-le-secteur-de-linformation\/"},"modified":"2019-08-22T09:48:58","modified_gmt":"2019-08-22T13:48:58","slug":"ouargla-dimportants-progres-realises-par-le-secteur-de-linformation","status":"publish","type":"post","link":"https:\/\/linitiative.ca\/International\/ouargla-dimportants-progres-realises-par-le-secteur-de-linformation\/","title":{"rendered":"Ouargla: d&rsquo;importants progr\u00e8s r\u00e9alis\u00e9s par le secteur de l&rsquo;information"},"content":{"rendered":"<div>\n<div class=\"K2FeedImage\"><img decoding=\"async\" src=\"http:\/\/www.aps.dz\/media\/k2\/items\/cache\/23482cdd3a57f9bf50be5cb599a8d319_S.jpg\" alt=\"Ouargla: d'importants progr\u00e8s r\u00e9alis\u00e9s par le secteur de l'information\"><\/div>\n<div class=\"K2FeedIntroText\">\n<p><strong>OUARGLA- Le ministre de la Communication, porte-parole du Gouvernement, Hassan Rabehi a indiqu\u00e9, jeudi \u00e0 Ouargla, que des progr\u00e8s importants ont \u00e9t\u00e9 r\u00e9alis\u00e9s par le secteur l&rsquo;information dans la r\u00e9gion gr\u00e2ce aux efforts d\u00e9ploy\u00e9s par les responsables qui se sont succ\u00e9d\u00e9s.<\/strong><\/p>\n<\/div>\n<div class=\"K2FeedFullText\">\n<p>Intervenant sur les ondes de la Radio locale dans le cadre de la deuxi\u00e8me journ\u00e9e de sa visite \u00e0 la wilaya, M. Rabehi a pr\u00e9cis\u00e9 que \u00ab\u00a0des progr\u00e8s importants ont \u00e9t\u00e9 r\u00e9alis\u00e9s dans le domaine de l&rsquo;information dans la r\u00e9gion, gr\u00e2ce aux efforts d\u00e9ploy\u00e9s par les responsables qui se sont succ\u00e9d\u00e9s\u00a0\u00bb, ajoutant qu\u00a0\u00bb&lsquo;aujourd&rsquo;hui, les habitants de cette r\u00e9gion en r\u00e9coltent les fruits \u00e0 travers la diffusion de l&rsquo;information et la mise en valeur du patrimoine culturel dont rec\u00e8le la wilaya\u00a0\u00bb.<\/p>\n<p>Rabehi a exprim\u00e9 \u00ab\u00a0sa confiance en la solidarit\u00e9 des habitants de la r\u00e9gion pour l&rsquo;int\u00e9r\u00eat supr\u00eame du pays, notamment dans cette conjoncture que traverse le pays et qui n\u00e9cessite davantage de dialogue et de solidarit\u00e9 afin de concr\u00e9tiser la prosp\u00e9rit\u00e9\u00a0\u00bb.<\/p>\n<p>Il a mis en avant, dans ce sens, le r\u00f4le \u00ab\u00a0positif et efficace effectu\u00e9 par les autorit\u00e9s locales dans l&rsquo;objectif de r\u00e9pondre aux revendications l\u00e9gitimes et g\u00e9rer les affaires des citoyens, prenant en charge leur pr\u00e9occupations\u00a0\u00bb.<\/p>\n<blockquote>\n<p><em><strong>\u00ab\u00a0Le Gouvernement actuel accorde un int\u00e9r\u00eat majeur \u00e0 toutes les pr\u00e9occupations soulev\u00e9es par les citoyens et les institutions\u00a0\u00bb, a-t-il fait savoir, ajoutant que \u00ab\u00a0ces pr\u00e9occupations seront transmises au Gouvernement permettant \u00e0 cette wilaya et d&rsquo;autres du Sud de concr\u00e9tiser les objectifs escompt\u00e9s d&rsquo;autant que le gouvernement a trac\u00e9 un programme sp\u00e9cial pour r\u00e9aliser l&rsquo;\u00e9quilibre en terme de d\u00e9veloppement\u00a0\u00bb.<\/strong><\/em><\/p>\n<\/blockquote>\n<p>Le porte parole du Gouvernement a rappel\u00e9, dans ce sillage, \u00ab\u00a0les efforts\u00a0\u00bb consentis au niveau de la wilaya de Ourgla, qui a fait des pas g\u00e9ants sur tous les plans\u00a0\u00bb, estimant que \u00ab\u00a0cela permettra au Gouvernement de r\u00e9pondre favorablement aux pr\u00e9occupations de la r\u00e9gion selon les capacit\u00e9s financi\u00e8res de actuelles\u00a0\u00bb.<\/p>\n<hr>\n<p><a href=\"http:\/\/www.aps.dz\/algerie\/93453-rabehi-appelle-a-mobiliser-les-efforts-au-service-de-l-interet-general-du-pays\">Lire aussi :\u00a0Rabehi appelle \u00e0 mobiliser les efforts au service de l&rsquo;int\u00e9r\u00eat g\u00e9n\u00e9ral du pays<\/a><\/p>\n<hr>\n<p>Le Gouvernement a \u00e9tudi\u00e9 tous les dossiers d&rsquo;ordre \u00e9conomique, socioculturel et autres permettant \u00ab\u00a0au pays de rationaliser l&rsquo;exploitation des capacit\u00e9s financi\u00e8res, ce qui permettra par la suite de satisfaire les besoins du citoyens\u00a0\u00bb, a-t-il soulign\u00e9.<\/p>\n<p>Rabehi a rappel\u00e9 \u00e9galement que le Gouvernement \u00ab\u00a0accompagne toutes les initiatives lanc\u00e9es lors des derniers mois afin que l&rsquo;Alg\u00e9rie occupera la place qui lui sied \u00e0 l&rsquo;\u00e9chelle mondiale\u00a0\u00bb.<\/p>\n<p>Pour sa part, le wali de Ourgla, Abdelkader Djellaoui a salu\u00e9 les d\u00e9cisions prises r\u00e9cemment par le Gouvernement en faveur des wilayas du Sud et des Hauts-plateaux, notamment en ce qui concerne la lev\u00e9e du gel sur plusieurs projets relevant du secteur de la sant\u00e9 et le soutien de l&rsquo;auto-construction, qui, ajoute-t-il, avait un \u00e9cho favorable au milieu des citoyens.<\/p>\n<p>Auparavant, la d\u00e9l\u00e9gation minist\u00e9rielle avait inspect\u00e9 le si\u00e8ge de l&rsquo;Entreprise nationale de communication, d&rsquo;\u00e9dition et de publicit\u00e9 (Anep) \u00e0 Ouargla o\u00f9 M. Rabehi a affirm\u00e9 que le Gouvernement, qui \u00ab\u00a0attache une grande importance\u00a0\u00bb \u00e0 ce type d&rsquo;entreprises, \u00ab\u00a0est pr\u00eat \u00e0 mobiliser les moyens n\u00e9cessaires d&rsquo;autant que les comp\u00e9tences existent au niveau local\u00a0\u00bb.<\/p>\n<blockquote>\n<p><em><strong>\u00ab\u00a0Tous les moyens seront mobilis\u00e9s au profit des r\u00e9gions du sud et des Hauts Plateaux pour contribuer au d\u00e9veloppement\u00a0\u00bb, a-t-il soutenu.<\/strong><\/em><\/p>\n<\/blockquote>\n<p>Le Porte-parole du Gouvernement a, dans ce contexte, annonc\u00e9 la r\u00e9alisation d&rsquo;une unit\u00e9 r\u00e9gionale de l&rsquo;ANEP \u00e0 Ouargla qui permettra \u00e0 l&rsquo;entreprise d&rsquo;\u00e9largir son cadre de travail et d&rsquo;am\u00e9liorer son rendement, notamment dans la prise en charge des op\u00e9rations publicitaires en mati\u00e8re industrielle, agricole et culturelle, a-t-il dit, ajoutant que cela favorisera la cr\u00e9ation d&#8217;emplois au profit des jeunes.<\/p>\n<p>Cette orientation \u00ab\u00a0s&rsquo;inscrit en droite ligne avec les objectifs du Gouvernement dans le cadre de l&rsquo;int\u00e9r\u00eat particulier accord\u00e9 aux r\u00e9gions du sud et des Hauts Plateaux\u00a0\u00bb, a pr\u00e9cis\u00e9 le ministre, saluant les activit\u00e9s de cette entreprise qui dispose de moyens et d&rsquo;\u00e9quipements modernes qui lui permettent de suivre les d\u00e9veloppements de la publicit\u00e9 dans les domaines industriel et agricole.<\/p>\n<p>Le ministre de la Communication a, par ailleurs, inspect\u00e9 les si\u00e8ges de la Radio nationale et de la T\u00e9l\u00e9vision alg\u00e9rienne dans la commune de Rouissat o\u00f9 des explications lui ont \u00e9t\u00e9 fournies sur les activit\u00e9s de ces deux \u00e9tablissements m\u00e9diatiques.<\/p>\n<p>Rabehi \u00e9tait accompagn\u00e9 des directeurs g\u00e9n\u00e9raux de l&rsquo;Agence Alg\u00e9rie Presse Service (APS), de la T\u00e9l\u00e9vision alg\u00e9rienne, de la T\u00e9l\u00e9diffusion d&rsquo;Alg\u00e9rie (TDA) et de l&rsquo;Imprimerie du Centre et de la directrice g\u00e9n\u00e9rale par int\u00e9rim de la Radio nationale.<\/p>\n<\/div>\n<\/div>\n<p>Auteur:<br \/>\n<a href=\"http:\/\/www.aps.dz\/regions\/93466-ourgla-d-importants-progres-realises-par-le-secteur-de-l-information-dans-la-region\">Cliquez ici pour lire l&rsquo;article depuis sa source.<\/a><\/p>\n","protected":false},"excerpt":{"rendered":"<p>OUARGLA- Le ministre de la Communication, porte-parole du Gouvernement, Hassan Rabehi a indiqu\u00e9, jeudi \u00e0 Ouargla, que des progr\u00e8s importants ont \u00e9t\u00e9 r\u00e9alis\u00e9s par le secteur l&rsquo;information dans la r\u00e9gion gr\u00e2ce aux efforts d\u00e9ploy\u00e9s par les responsables qui se sont succ\u00e9d\u00e9s. Intervenant sur les ondes de la Radio locale dans le cadre de la deuxi\u00e8me [&hellip;]<\/p>\n","protected":false},"author":1790,"featured_media":58793,"comment_status":"closed","ping_status":"closed","sticky":false,"template":"","format":"standard","meta":{"fifu_image_url":"","fifu_image_alt":"","footnotes":""},"categories":[53,76],"tags":[],"class_list":["post-58792","post","type-post","status-publish","format-standard","has-post-thumbnail","hentry","category-algerie","category-regions"],"_links":{"self":[{"href":"https:\/\/linitiative.ca\/International\/wp-json\/wp\/v2\/posts\/58792","targetHints":{"allow":["GET"]}}],"collection":[{"href":"https:\/\/linitiative.ca\/International\/wp-json\/wp\/v2\/posts"}],"about":[{"href":"https:\/\/linitiative.ca\/International\/wp-json\/wp\/v2\/types\/post"}],"author":[{"embeddable":true,"href":"https:\/\/linitiative.ca\/International\/wp-json\/wp\/v2\/users\/1790"}],"replies":[{"embeddable":true,"href":"https:\/\/linitiative.ca\/International\/wp-json\/wp\/v2\/comments?post=58792"}],"version-history":[{"count":0,"href":"https:\/\/linitiative.ca\/International\/wp-json\/wp\/v2\/posts\/58792\/revisions"}],"wp:featuredmedia":[{"embeddable":true,"href":"https:\/\/linitiative.ca\/International\/wp-json\/"}],"wp:attachment":[{"href":"https:\/\/linitiative.ca\/International\/wp-json\/wp\/v2\/media?parent=58792"}],"wp:term":[{"taxonomy":"category","embeddable":true,"href":"https:\/\/linitiative.ca\/International\/wp-json\/wp\/v2\/categories?post=58792"},{"taxonomy":"post_tag","embeddable":true,"href":"https:\/\/linitiative.ca\/International\/wp-json\/wp\/v2\/tags?post=58792"}],"curies":[{"name":"wp","href":"https:\/\/api.w.org\/{rel}","templated":true}]}}