{"id":58795,"date":"2019-08-21T16:11:02","date_gmt":"2019-08-21T20:11:02","guid":{"rendered":"https:\/\/linitiative.ca\/International\/service-militaire-900-candidats-accueillis-en-trois-jours\/"},"modified":"2019-08-21T16:11:02","modified_gmt":"2019-08-21T20:11:02","slug":"service-militaire-900-candidats-accueillis-en-trois-jours","status":"publish","type":"post","link":"https:\/\/linitiative.ca\/International\/service-militaire-900-candidats-accueillis-en-trois-jours\/","title":{"rendered":"Service militaire: 900 candidats accueillis en trois jours"},"content":{"rendered":"<p class=\"c1\">Quelque 900 candidats convoqu\u00e9s au service militaire ont \u00e9t\u00e9 accueillis \u00e0 la caserne du Premier Groupe d\u2019Escadrons \u00e0 Cheval (1er GEC) de Beni Oukil (pr\u00e9fecture d\u2019Oujda-Angad) durant les trois premiers jours de l\u2019op\u00e9ration de s\u00e9lection et d\u2019incorporation des appel\u00e9s.<\/p>\n<p class=\"c1\">La caserne du 1er GEC de Beni Oukil va accueillir au total 1.059 personnes convoqu\u00e9es, dont 112 filles, lors de cette op\u00e9ration, alors que le nombre de candidats et candidates qui seront retenus est de 623 (86 filles), a indiqu\u00e9 dans une d\u00e9claration mercredi \u00e0 la MAP, le Colonel major, Aziz Abrouk, commandant d\u2019armes d\u00e9l\u00e9gu\u00e9 de la Place d\u2019Oujda.<\/p>\n<p class=\"c1\">Et de pr\u00e9ciser que depuis le lancement de l\u2019op\u00e9ration de s\u00e9lection et d\u2019incorporation des appel\u00e9s, men\u00e9e en application des Hautes instructions de SM le Roi Mohammed VI, Chef supr\u00eame et Chef d\u2019Etat-Major g\u00e9n\u00e9ral des Forces Arm\u00e9es Royales (FAR), la caserne du 1er GEC de Beni Oukil a accueilli 900 candidats et candidates appel\u00e9s pour accomplir le service militaire au titre de l\u2019ann\u00e9e 2019-2020.<\/p>\n<p class=\"c1\">Les personnes appel\u00e9es sont originaires de plusieurs villes, \u00e0 savoir Driouch, Berkane, Nador, Oujda-Angad, Figuig, Guercif, Taounat, Taourirt, Taza et Al Hoceima, a-t-il ajout\u00e9, faisant remarquer que l\u2019\u00e9tablissement de la liste finale des candidats retenus est confi\u00e9 \u00e0 une commission sp\u00e9ciale charg\u00e9e du traitement des dossiers.<\/p>\n<p class=\"c1\">Et de pr\u00e9ciser qu\u2019au niveau de la caserne, il a \u00e9t\u00e9 proc\u00e9d\u00e9 \u00e0 la pr\u00e9paration d\u2019espaces d\u2019accueil \u00e9quip\u00e9s et \u00e0 la mise en place d\u2019un staff m\u00e9dical et infirmier pour permettre aux candidats de passer les examens m\u00e9dicaux n\u00e9cessaires, et d\u2019une \u00e9quipe administrative pour la v\u00e9rification des documents des candidats.<\/p>\n<p class=\"c1\">M. Abrouk a affirm\u00e9 dans ce sens que tous les moyens n\u00e9cessaires ont \u00e9t\u00e9 mobilis\u00e9s et les conditions requises sont r\u00e9unies pour assurer le bon d\u00e9roulement et la pleine r\u00e9ussite de cette op\u00e9ration.<\/p>\n<p class=\"c1\">Apr\u00e8s s\u00e9lection, les appel\u00e9s retenus seront transf\u00e9r\u00e9s vers des centres de formation pr\u00e9par\u00e9s par les Forces Arm\u00e9es Royales (FAR) dans plusieurs villes du Royaume, a-t-il conclu.<\/p>\n<p class=\"c1\">Plusieurs candidats et candidates, dont certains ont \u00e9t\u00e9 retenus par la commission, ont exprim\u00e9 dans des d\u00e9clarations \u00e0 la MAP leur joie et leur ambition de profiter pleinement de cette opportunit\u00e9 afin de vivre une exp\u00e9rience nouvelle et assur\u00e9ment riche en enseignements.<\/p>\n<p class=\"c1\">Pour eux, le service militaire est une occasion pour apprendre beaucoup de choses et gagner en confiance en soi, affirmant que \u2018\u2019\u00eatre au service de la patrie est un honneur et une grande fiert\u00e9\u2019\u2019.<\/p>\n<p class=\"c1\">Le service militaire ouvre de nouveaux horizons devant les jeunes marocains et vise \u00e0 consolider leur sentiment d\u2019appartenance \u00e0 la patrie et \u00e0 leur offrir la possibilit\u00e9 de s\u2019int\u00e9grer dans la vie professionnelle et sociale, en permettant aux appel\u00e9s de b\u00e9n\u00e9ficier d\u2019une formation militaire et leur inculquer la culture militaire fond\u00e9e sur la discipline et le courage, l\u2019engagement et la responsabilit\u00e9.<\/p>\n<p class=\"c1\">L\u2019op\u00e9ration de s\u00e9lection et d\u2019incorporation des appel\u00e9s au service militaire pour l\u2019ann\u00e9e 2019-2020 a d\u00e9but\u00e9 le 19 ao\u00fbt et se poursuivra jusqu\u2019\u00e0 la fin du mois, et concernera 15.000 b\u00e9n\u00e9ficiaires \u00e0 l\u2019\u00e9chelle nationale.<\/p>\n<p class=\"c1\">Dans ce sens, 17 unit\u00e9s militaires de s\u00e9lection r\u00e9parties sur l\u2019ensemble du territoire national ont \u00e9t\u00e9 mobilis\u00e9es pour accueillir les appel\u00e9s. Elles sont situ\u00e9es dans les villes de Larache, Al-Hoceima, Bouarfa, Dakhla, Laayoune, Mekn\u00e8s, Agadir, Casablanca, Taza, Oujda, Errachidia, K\u00e9nitra, Ouarzazate, Mediouna, Tadla et Guelmim.<\/p>\n<p class=\"c1\">Apr\u00e8s s\u00e9lection, les appel\u00e9s retenus seront transf\u00e9r\u00e9s vers les 14 centres de formation qui se trouvent dans les villes d\u2019El Hajeb, Kasbat Tadla, Guerssif, T\u00e9mara, Casablanca, Nador, Kssar-Sghir, Al-Hoceima, Mekn\u00e8s, K\u00e9nitra, Sidi Slimane, Bengu\u00e9rir, Marrakech et Ben Slimane.<\/p>\n<p>Auteur: Soufiane ELAHMAR<br \/>\n<a href=\"http:\/\/www.mapoujda.ma\/fr\/service-militaire-900-candidats-accueillis-en-trois-jours\/\">Cliquez ici pour lire l&rsquo;article depuis sa source.<\/a><\/p>\n","protected":false},"excerpt":{"rendered":"<p>Quelque 900 candidats convoqu\u00e9s au service militaire ont \u00e9t\u00e9 accueillis \u00e0 la caserne du Premier Groupe d\u2019Escadrons \u00e0 Cheval (1er GEC) de Beni Oukil (pr\u00e9fecture d\u2019Oujda-Angad) durant les trois premiers jours de l\u2019op\u00e9ration de s\u00e9lection et d\u2019incorporation des appel\u00e9s. La caserne du 1er GEC de Beni Oukil va accueillir au total 1.059 personnes convoqu\u00e9es, dont [&hellip;]<\/p>\n","protected":false},"author":1788,"featured_media":0,"comment_status":"closed","ping_status":"closed","sticky":false,"template":"","format":"standard","meta":{"fifu_image_url":"","fifu_image_alt":"","footnotes":""},"categories":[54,76],"tags":[],"class_list":["post-58795","post","type-post","status-publish","format-standard","hentry","category-maroc","category-regions"],"_links":{"self":[{"href":"https:\/\/linitiative.ca\/International\/wp-json\/wp\/v2\/posts\/58795","targetHints":{"allow":["GET"]}}],"collection":[{"href":"https:\/\/linitiative.ca\/International\/wp-json\/wp\/v2\/posts"}],"about":[{"href":"https:\/\/linitiative.ca\/International\/wp-json\/wp\/v2\/types\/post"}],"author":[{"embeddable":true,"href":"https:\/\/linitiative.ca\/International\/wp-json\/wp\/v2\/users\/1788"}],"replies":[{"embeddable":true,"href":"https:\/\/linitiative.ca\/International\/wp-json\/wp\/v2\/comments?post=58795"}],"version-history":[{"count":0,"href":"https:\/\/linitiative.ca\/International\/wp-json\/wp\/v2\/posts\/58795\/revisions"}],"wp:attachment":[{"href":"https:\/\/linitiative.ca\/International\/wp-json\/wp\/v2\/media?parent=58795"}],"wp:term":[{"taxonomy":"category","embeddable":true,"href":"https:\/\/linitiative.ca\/International\/wp-json\/wp\/v2\/categories?post=58795"},{"taxonomy":"post_tag","embeddable":true,"href":"https:\/\/linitiative.ca\/International\/wp-json\/wp\/v2\/tags?post=58795"}],"curies":[{"name":"wp","href":"https:\/\/api.w.org\/{rel}","templated":true}]}}