{"id":58829,"date":"2019-08-22T05:05:59","date_gmt":"2019-08-22T09:05:59","guid":{"rendered":"https:\/\/linitiative.ca\/International\/elle-appartient-au-fils-de-nezzar-slc-cesse-ses-activites\/"},"modified":"2019-08-22T05:05:59","modified_gmt":"2019-08-22T09:05:59","slug":"elle-appartient-au-fils-de-nezzar-slc-cesse-ses-activites","status":"publish","type":"post","link":"https:\/\/linitiative.ca\/International\/elle-appartient-au-fils-de-nezzar-slc-cesse-ses-activites\/","title":{"rendered":"Elle appartient au fils de Nezzar : SLC cesse ses activit\u00e9s"},"content":{"rendered":"<h4 class=\"title-14\"\/>\n<p class=\"p1\"><span class=\"s1\"><strong>L<\/strong><\/span><span class=\"s2\">e fournisseur d\u2019acc\u00e8s internet Smart Link Communication cesse \u00abd\u2019\u00e9mettre\u00bb. <em>\u00abC\u2019est avec une tr\u00e8s grande \u00e9motion que les directions g\u00e9n\u00e9rales de SLC et de Divona ont d\u00e9cid\u00e9 de proc\u00e9der \u00e0 l\u2019extinction de leurs r\u00e9seaux respectifs et de cesser, par cons\u00e9quent, leurs activit\u00e9s d\u2019op\u00e9rateur de t\u00e9l\u00e9communications\u00bb<\/em>, a indiqu\u00e9 la soci\u00e9t\u00e9 dans un communiqu\u00e9 hier.<\/span><\/p>\n<p class=\"p1\"><span class=\"s2\">Mise en difficult\u00e9, la soci\u00e9t\u00e9 appartenant \u00e0 Lotfi Nezzar, fils de l\u2019ancien ministre de la D\u00e9fense Khaled Nezzar, n\u2019a pas pu parvenir \u00e0 un accord avec l\u2019Autorit\u00e9 de r\u00e9gulation de la poste et des communications \u00e9lectroniques. Sans fournir de pr\u00e9cisions sur les raisons du blocage auquel fait face SLC, la soci\u00e9t\u00e9 laisse entendre, dans son communiqu\u00e9, que les d\u00e9boires de cet op\u00e9rateur de t\u00e9l\u00e9communication sont li\u00e9s aux prises de positions de l\u2019ancien ministre de la D\u00e9fense Khaled Nezzar, qui livre une <em>\u00abguerre psychologique\u00bb<\/em> \u00e0 partir de l\u2019Espagne contre le chef d\u2019\u00e9tat-major, Ahmed Ga\u00efd Salah. Le tribunal militaire a lanc\u00e9 un mandat d\u2019arr\u00eat international visant justement Khaled Nezzar et son fils. <em>\u00abDevant cette situation de blocage et face au refus de l\u2019Autorit\u00e9 de r\u00e9gulation (ARPCE) de donner suite \u00e0 nos multiples demandes de r\u00e9union pour organiser la continuit\u00e9 de service qui lui incombe, pour des raisons qui n\u2019\u00e9chappent d\u00e9sormais plus \u00e0 personne, nous sommes contraints de renoncer \u00e0 nous battre davantage contre l\u2019arbitraire dont se rendent coupables toutes les autorit\u00e9s en charge du secteur des t\u00e9l\u00e9communications\u00bb<\/em>, pr\u00e9cise le fournisseur d\u2019acc\u00e8s internet. <em>\u00abFace au silence des autorit\u00e9s sollicit\u00e9es et apr\u00e8s avoir \u00e9puis\u00e9 tous les moyens de recours judiciaires et administratifs, nous avions tout mis en \u0153uvre pour maintenir le service au niveau le plus acceptable, assurant ainsi \u00e0 nos clients une continuit\u00e9 de service, allant m\u00eame jusqu\u2019\u00e0 exposer des dirigeants \u00e0 un risque p\u00e9nal\u00bb<\/em>, a encore ajout\u00e9 la soci\u00e9t\u00e9. Sp\u00e9cialis\u00e9e dans la fourniture de services et de t\u00e9l\u00e9communications pour les entreprises, la SLC, cr\u00e9\u00e9e en 2001, s\u2019est empar\u00e9e de parts importantes du march\u00e9 alg\u00e9rien.<\/span><\/p>\n<p><span class=\"post-views-label\">Post Views:<\/span> <span class=\"post-views-count\">8\u00a0154<\/span><\/p>\n<p><br class=\"c4\"\/><\/p>\n<p>Auteur: Hicham Chouadria<br \/>\n<a href=\"https:\/\/www.elwatan.com\/edition\/actualite\/elle-appartient-au-fils-de-nezzar-slc-cesse-ses-activites-22-08-2019\">Cliquez ici pour lire l&rsquo;article depuis sa source.<\/a><\/p>\n","protected":false},"excerpt":{"rendered":"<p>Le fournisseur d\u2019acc\u00e8s internet Smart Link Communication cesse \u00abd\u2019\u00e9mettre\u00bb. \u00abC\u2019est avec une tr\u00e8s grande \u00e9motion que les directions g\u00e9n\u00e9rales de SLC et de Divona ont d\u00e9cid\u00e9 de proc\u00e9der \u00e0 l\u2019extinction de leurs r\u00e9seaux respectifs et de cesser, par cons\u00e9quent, leurs activit\u00e9s d\u2019op\u00e9rateur de t\u00e9l\u00e9communications\u00bb, a indiqu\u00e9 la soci\u00e9t\u00e9 dans un communiqu\u00e9 hier. Mise en difficult\u00e9, [&hellip;]<\/p>\n","protected":false},"author":1743,"featured_media":0,"comment_status":"closed","ping_status":"closed","sticky":false,"template":"","format":"standard","meta":{"fifu_image_url":"","fifu_image_alt":"","footnotes":""},"categories":[73,53],"tags":[],"class_list":["post-58829","post","type-post","status-publish","format-standard","hentry","category-actualite","category-algerie"],"_links":{"self":[{"href":"https:\/\/linitiative.ca\/International\/wp-json\/wp\/v2\/posts\/58829","targetHints":{"allow":["GET"]}}],"collection":[{"href":"https:\/\/linitiative.ca\/International\/wp-json\/wp\/v2\/posts"}],"about":[{"href":"https:\/\/linitiative.ca\/International\/wp-json\/wp\/v2\/types\/post"}],"author":[{"embeddable":true,"href":"https:\/\/linitiative.ca\/International\/wp-json\/wp\/v2\/users\/1743"}],"replies":[{"embeddable":true,"href":"https:\/\/linitiative.ca\/International\/wp-json\/wp\/v2\/comments?post=58829"}],"version-history":[{"count":0,"href":"https:\/\/linitiative.ca\/International\/wp-json\/wp\/v2\/posts\/58829\/revisions"}],"wp:attachment":[{"href":"https:\/\/linitiative.ca\/International\/wp-json\/wp\/v2\/media?parent=58829"}],"wp:term":[{"taxonomy":"category","embeddable":true,"href":"https:\/\/linitiative.ca\/International\/wp-json\/wp\/v2\/categories?post=58829"},{"taxonomy":"post_tag","embeddable":true,"href":"https:\/\/linitiative.ca\/International\/wp-json\/wp\/v2\/tags?post=58829"}],"curies":[{"name":"wp","href":"https:\/\/api.w.org\/{rel}","templated":true}]}}