{"id":58830,"date":"2019-08-22T05:09:51","date_gmt":"2019-08-22T09:09:51","guid":{"rendered":"https:\/\/linitiative.ca\/International\/lahouari-addi-professeur-de-sociologie-a-liep-de-lyon-les-conditions-politiques-du-dialogue-ne-sont-pas-reunies\/"},"modified":"2019-08-22T05:09:51","modified_gmt":"2019-08-22T09:09:51","slug":"lahouari-addi-professeur-de-sociologie-a-liep-de-lyon-les-conditions-politiques-du-dialogue-ne-sont-pas-reunies","status":"publish","type":"post","link":"https:\/\/linitiative.ca\/International\/lahouari-addi-professeur-de-sociologie-a-liep-de-lyon-les-conditions-politiques-du-dialogue-ne-sont-pas-reunies\/","title":{"rendered":"Lahouari Addi. Professeur de sociologie \u00e0 l\u2019IEP de Lyon : \u00abLes conditions politiques du dialogue ne sont pas r\u00e9unies\u00bb"},"content":{"rendered":"<h4 class=\"title-14\">Entretien<\/h4>\n<div class=\"featured_image\"><img width=\"271\" height=\"409\" data-cfsrc=\"https:\/\/www.elwatan.com\/wp-content\/uploads\/2019\/08\/abdi.jpeg\" class=\"attachment-post-thumbnail size-post-thumbnail wp-post-image c2\" alt=\"\" srcset=\"https:\/\/www.elwatan.com\/wp-content\/uploads\/2019\/08\/abdi.jpeg 271w, https:\/\/www.elwatan.com\/wp-content\/uploads\/2019\/08\/abdi-199x300.jpeg 199w\" sizes=\"(max-width: 271px) 100vw, 271px\"\/><noscript><\/p>\n<p><img loading=\"lazy\" decoding=\"async\" width=\"271\" height=\"409\" src=\"https:\/\/www.elwatan.com\/wp-content\/uploads\/2019\/08\/abdi.jpeg\" class=\"attachment-post-thumbnail size-post-thumbnail wp-post-image\" alt=\"\" srcset=\"https:\/\/www.elwatan.com\/wp-content\/uploads\/2019\/08\/abdi.jpeg 271w, https:\/\/www.elwatan.com\/wp-content\/uploads\/2019\/08\/abdi-199x300.jpeg 199w\" sizes=\"auto, (max-width: 271px) 100vw, 271px\"\/><\/p>\n<p><\/noscript><\/div>\n<p>Professeur de sociologie \u00e0 l\u2019Institut d\u2019\u00e9tudes politiques de Lyon, Lahouari Addi estime, dans cet entretien accord\u00e9 \u00e0 El Watan, que le bras de fer entre le hirak et l\u2019\u00e9tat-major de l\u2019arm\u00e9e trouvera son d\u00e9nouement \u00ablorsque l\u2019un des deux protagonistes r\u00e9alisera qu\u2019il ne pourra pas gagner\u00bb. Les g\u00e9n\u00e9raux \u00abfiniront t\u00f4t ou tard par rendre le pouvoir souverain aux civils\u00bb, car \u00abl\u2019arm\u00e9e ne peut pas livrer un combat militaire contre son peuple\u00bb, selon lui.<\/p>\n<p><em><strong>-Depuis quelques semaines, on entend le slogan de la d\u00e9sob\u00e9issance civile. Comment interpr\u00e9tez-vous cet appel ?<\/strong><\/em><\/p>\n<p>Le slogan de d\u00e9sob\u00e9issance civile exprime l\u2019exasp\u00e9ration et l\u2019impatience de certains jeunes qui consid\u00e8rent que les autorit\u00e9s ne les \u00e9coutent pas. Ils veulent que la protestation aille plus loin pour lancer, par exemple, des mouvements de gr\u00e8ve. Je constate cependant que beaucoup de manifestants n\u2019adh\u00e8rent pas \u00e0 cette option. Des d\u00e9bats passionn\u00e9s sur les r\u00e9seaux sociaux se d\u00e9roulent et il ressort qu\u2019une majorit\u00e9 d\u2019internautes disent que le hirak est la d\u00e9sob\u00e9issance civile et doit rester pacifique sans toucher \u00e0 l\u2019\u00e9conomie.<\/p>\n<p><em><strong>-Certains disent que le hirak n\u2019a rien obtenu apr\u00e8s six mois de manifestations hebdomadaires. Partagez-vous cet avis ?<\/strong><\/em><\/p>\n<p>L\u2019objectif du hirak est le changement du r\u00e9gime et le processus est en cours. Tant que le hirak emp\u00eache l\u2019\u00e9lection pr\u00e9sidentielle, il est victorieux.<\/p>\n<p><em><strong>-Pourquoi, selon vous, le hirak refuse le dialogue propos\u00e9 par Ga\u00efd Salah pour une transition ordonn\u00e9e ?<\/strong><\/em><\/p>\n<p>Ga\u00efd Salah n\u2019arrive pas \u00e0 convaincre les Alg\u00e9riens, parce que les conditions politiques du dialogue ne sont pas r\u00e9unies. Sans lib\u00e9ration de la presse, il ne peut pas y avoir de dialogue, puisque seule une partie aura le droit de s\u2019exprimer dans les m\u00e9dias lourds que sont la t\u00e9l\u00e9vision et la radio. Par ailleurs, le panel cens\u00e9 mener le dialogue est compos\u00e9 de personnalit\u00e9s du r\u00e9gime, \u00e0 commencer par un ancien pr\u00e9sident de l\u2019Assembl\u00e9e nationale, membre du FLN. L\u2019opinion publique trouve que ce n\u2019est pas s\u00e9rieux.<\/p>\n<p><em><strong>-C\u2019est alors l\u2019impasse ?<\/strong><\/em><\/p>\n<p>Il n\u2019y a pas d\u2019impasse politique. La situation \u00e9volue et le conflit s\u2019arr\u00eatera lorsque l\u2019un des deux protagonistes r\u00e9alisera qu\u2019il ne pourra pas gagner. Et je pense que ce sera l\u2019\u00e9tat-major. Les g\u00e9n\u00e9raux tenteront de sauver ce qui peut l\u2019\u00eatre, mais t\u00f4t ou tard, ils finiront par rendre le pouvoir souverain aux civils. Les g\u00e9n\u00e9raux ont devant eux un probl\u00e8me politique et non militaire. L\u2019arm\u00e9e ne peut pas livrer un combat militaire contre son peuple, \u00e0 moins d\u2019\u00eatre au service d\u2019un roi ou d\u2019une caste, ce qui n\u2019est pas le cas en Alg\u00e9rie.<\/p>\n<p><em><strong>-Jusqu\u2019ici, les militaires ne se sont pas comport\u00e9s comme en Octobre 1988 et n\u2019ont pas r\u00e9prim\u00e9 \u00e0 large \u00e9chelle les manifestations. Qu\u2019est-ce qui a chang\u00e9 dans la logique r\u00e9pressive de l\u2019arm\u00e9e ?<\/strong><\/em><\/p>\n<p>En Octobre 1988, il y a eu des \u00e9difices publics br\u00fbl\u00e9s et des sc\u00e8nes de pillage, ce qui a \u00e9t\u00e9 le pr\u00e9texte \u00e0 une intervention de l\u2019arm\u00e9e pour prot\u00e9ger l\u2019ordre public. Des t\u00e9moins ont rapport\u00e9 par ailleurs que des anonymes dans des voitures banalis\u00e9es tiraient sur des policiers. C\u2019\u00e9taient des gens qui pr\u00e9paraient le terrain pour une intervention de l\u2019arm\u00e9e. Aujourd\u2019hui, la situation est diff\u00e9rente. Les manifestants sont pacifiques et nettoient les rues apr\u00e8s les marches. Ils ont enlev\u00e9 \u00e0 l\u2019arm\u00e9e le pr\u00e9texte d\u2019intervenir. Mais il y a un autre facteur. L\u2019arm\u00e9e ne veut pas de r\u00e9pression \u00e0 grande \u00e9chelle, comme cela a \u00e9t\u00e9 le cas dans les ann\u00e9es 1990. J\u2019ai discut\u00e9 avec des officiers \u00e0 la retraite et ils m\u2019ont dit qu\u2019ils ne sont pas fiers des ann\u00e9es 1990.<\/p>\n<p><em><strong>-Le chef d\u2019\u00e9tat-major a affirm\u00e9 que les principales revendications du hirak ont \u00e9t\u00e9 satisfaites et que le prochain cap sera la pr\u00e9sidentielle. Qu\u2019en pensez-vous ?<\/strong><\/em><\/p>\n<p>Le chef d\u2019\u00e9tat-major ne comprend pas que l\u2019Alg\u00e9rie a atteint une autre \u00e9tape de son histoire dans la construction de l\u2019Etat. Jusqu\u2019\u00e0 1988, date de la fin de la l\u00e9gitimit\u00e9 historique, l\u2019arm\u00e9e avait pour mission d\u2019asseoir l\u2019autorit\u00e9 du pouvoir central en donnant la l\u00e9gitimit\u00e9 \u00e0 la branche ex\u00e9cutive. Cette \u00e9tape est termin\u00e9e. Les nouvelles g\u00e9n\u00e9rations veulent un Etat qui ne se limite pas au pouvoir ex\u00e9cutif\u00a0; elles veulent que le pouvoir ex\u00e9cutif soit issu de l\u2019alternance \u00e9lectorale avec des partis repr\u00e9sentatifs des diff\u00e9rents courants de la soci\u00e9t\u00e9. C\u2019est termin\u00e9 le temps o\u00f9 les d\u00e9put\u00e9s \u00e9taient fabriqu\u00e9s dans les laboratoires du DRS. Les jeunes du hirak veulent enlever des mains de la hi\u00e9rarchie militaire le pouvoir souverain de d\u00e9signer les \u00e9lus. Et pour cela, ils veulent une transition men\u00e9e par des personnalit\u00e9s qui ne sont pas li\u00e9es au r\u00e9gime.<\/p>\n<p><em><strong>-Pensez-vous qu\u2019un compromis de sortie de crise est possible ?<\/strong><\/em><\/p>\n<p>Historiquement tout est possible, mais la situation \u00e9voluera en fonction du rapport de forces entre les deux adversaires que sont l\u2019\u00e9tat-major et la rue. A ce jour, c\u2019est la rue qui l\u2019emporte\u00a0; elle refuse une \u00e9lection pr\u00e9sidentielle, ce qui met dans l\u2019ill\u00e9galit\u00e9 tous les d\u00e9tenteurs de l\u2019autorit\u00e9 publique, y compris les membres de l\u2019\u00e9tat-major. Il n\u2019y a pas de Pr\u00e9sident constitutionnellement l\u00e9gitime, donc il n\u2019y a pas de l\u00e9galit\u00e9. J\u2019ai remarqu\u00e9 que le 5 juillet, le chef de l\u2019Etat int\u00e9rimaire n\u2019a re\u00e7u aucun message de l\u2019ext\u00e9rieur \u00e0 l\u2019occasion de la F\u00eate d\u2019ind\u00e9pendance. Cela veut dire que le gouvernement alg\u00e9rien ne b\u00e9n\u00e9ficie pas de la reconnaissance internationale.<\/p>\n<p><em><strong>-Pourquoi ne pas proc\u00e9der \u00e0 l\u2019\u00e9lection pr\u00e9sidentielle et laisser au Pr\u00e9sident \u00e9lu la charge de mener la transition ?<\/strong><\/em><\/p>\n<p>Le probl\u00e8me est que les Alg\u00e9riens n\u2019ont pas confiance en une \u00e9lection organis\u00e9e par le r\u00e9gime. J\u2019ai parl\u00e9 avec des hirakistes au sujet d\u2019une commission de contr\u00f4le du scrutin et l\u2019un d\u2019eux m\u2019a r\u00e9pondu ceci : \u00abDans les grandes villes, la commission emp\u00eachera le trucage, mais dans les petites villes, le chef de da\u00efra fera du bourrage des urnes sur instruction des autorit\u00e9s centrales.\u00bb<\/p>\n<p><em><strong>-Quel r\u00f4le joue le facteur international dans la crise alg\u00e9rienne ?<\/strong><\/em><\/p>\n<p>Nos voisins du Nord vivent dans la crainte que la situation d\u00e9g\u00e9n\u00e8re comme en Libye. Cela voudrait dire deux millions de r\u00e9fugi\u00e9s en Europe et la d\u00e9stabilisation de l\u2019Afrique du Nord et aussi du Sahel. C\u2019est pourquoi les Europ\u00e9ens sont silencieux. Le danger vient de l\u2019Est, avec les vell\u00e9it\u00e9s d\u2019intrusion de la part des Emirats et de l\u2019Arabie Saoudite, mais ces vell\u00e9it\u00e9s ont \u00e9t\u00e9 tenues en \u00e9chec par les services de s\u00e9curit\u00e9.<\/p>\n<p>La presse rapporte souvent que l\u2019ANP arr\u00eate des terroristes. Ce sont probablement des \u00e9l\u00e9ments envoy\u00e9s par les monarchies du Golfe pour provoquer l\u2019anarchie qui justifierait l\u2019intervention muscl\u00e9e de l\u2019arm\u00e9e. Il faut dire qu\u2019il est difficile pour les monarchies du Golfe de trouver des relais locaux, parce que le tissu social alg\u00e9rien est homog\u00e8ne. L\u2019\u00e9crasante majorit\u00e9 de la population est musulmane, sunnite, de rite mal\u00e9kite. Il n\u2019y a pas de minorit\u00e9s religieuses ou ethniques suffisamment importantes pour cr\u00e9er le sc\u00e9nario syrien. Quant au soi-disant antagonisme Berb\u00e8res-Arabes, l\u2019anthropologie ne le confirme pas.<\/p>\n<p><em><strong>-Un dernier mot ?<\/strong><\/em><\/p>\n<p>Pour le Mouvement national, qui continue de travailler la m\u00e9moire sociale alg\u00e9rienne, l\u2019objectif final \u00e9tait l\u2019Etat de droit avec des \u00e9lections.<br \/>L\u2019ind\u00e9pendance n\u2019\u00e9tait qu\u2019une \u00e9tape. Le hirak s\u2019inscrit dans cette perspective et c\u2019est pourquoi il a des chances de r\u00e9ussir.<\/p>\n<p><span class=\"post-views-label\">Post Views:<\/span> <span class=\"post-views-count\">4\u00a0391<\/span><\/p>\n<p><br class=\"c5\"\/><\/p>\n<p>Auteur: Hicham Chouadria<br \/>\n<a href=\"https:\/\/www.elwatan.com\/edition\/actualite\/lahouari-addi-professeur-de-sociologie-a-liep-de-lyon-les-conditions-politiques-du-dialogue-ne-sont-pas-reunies-22-08-2019\">Cliquez ici pour lire l&rsquo;article depuis sa source.<\/a><\/p>\n","protected":false},"excerpt":{"rendered":"<p>Entretien Professeur de sociologie \u00e0 l\u2019Institut d\u2019\u00e9tudes politiques de Lyon, Lahouari Addi estime, dans cet entretien accord\u00e9 \u00e0 El Watan, que le bras de fer entre le hirak et l\u2019\u00e9tat-major de l\u2019arm\u00e9e trouvera son d\u00e9nouement \u00ablorsque l\u2019un des deux protagonistes r\u00e9alisera qu\u2019il ne pourra pas gagner\u00bb. Les g\u00e9n\u00e9raux \u00abfiniront t\u00f4t ou tard par rendre le [&hellip;]<\/p>\n","protected":false},"author":1743,"featured_media":58831,"comment_status":"closed","ping_status":"closed","sticky":false,"template":"","format":"standard","meta":{"fifu_image_url":"","fifu_image_alt":"","footnotes":""},"categories":[73,53],"tags":[],"class_list":["post-58830","post","type-post","status-publish","format-standard","has-post-thumbnail","hentry","category-actualite","category-algerie"],"_links":{"self":[{"href":"https:\/\/linitiative.ca\/International\/wp-json\/wp\/v2\/posts\/58830","targetHints":{"allow":["GET"]}}],"collection":[{"href":"https:\/\/linitiative.ca\/International\/wp-json\/wp\/v2\/posts"}],"about":[{"href":"https:\/\/linitiative.ca\/International\/wp-json\/wp\/v2\/types\/post"}],"author":[{"embeddable":true,"href":"https:\/\/linitiative.ca\/International\/wp-json\/wp\/v2\/users\/1743"}],"replies":[{"embeddable":true,"href":"https:\/\/linitiative.ca\/International\/wp-json\/wp\/v2\/comments?post=58830"}],"version-history":[{"count":0,"href":"https:\/\/linitiative.ca\/International\/wp-json\/wp\/v2\/posts\/58830\/revisions"}],"wp:featuredmedia":[{"embeddable":true,"href":"https:\/\/linitiative.ca\/International\/wp-json\/"}],"wp:attachment":[{"href":"https:\/\/linitiative.ca\/International\/wp-json\/wp\/v2\/media?parent=58830"}],"wp:term":[{"taxonomy":"category","embeddable":true,"href":"https:\/\/linitiative.ca\/International\/wp-json\/wp\/v2\/categories?post=58830"},{"taxonomy":"post_tag","embeddable":true,"href":"https:\/\/linitiative.ca\/International\/wp-json\/wp\/v2\/tags?post=58830"}],"curies":[{"name":"wp","href":"https:\/\/api.w.org\/{rel}","templated":true}]}}