{"id":58832,"date":"2019-08-22T05:10:19","date_gmt":"2019-08-22T09:10:19","guid":{"rendered":"https:\/\/linitiative.ca\/International\/dialogue-national-le-oui-mais-de-ali-benflis\/"},"modified":"2019-08-22T05:10:19","modified_gmt":"2019-08-22T09:10:19","slug":"dialogue-national-le-oui-mais-de-ali-benflis","status":"publish","type":"post","link":"https:\/\/linitiative.ca\/International\/dialogue-national-le-oui-mais-de-ali-benflis\/","title":{"rendered":"Dialogue national : Le \u00aboui mais\u00bb de Ali Benflis"},"content":{"rendered":"<h4 class=\"title-14\"\/>\n<div class=\"featured_image\"><img width=\"386\" height=\"381\" data-cfsrc=\"https:\/\/www.elwatan.com\/wp-content\/uploads\/2019\/08\/benflis.jpg\" class=\"attachment-post-thumbnail size-post-thumbnail wp-post-image c2\" alt=\"\" srcset=\"https:\/\/www.elwatan.com\/wp-content\/uploads\/2019\/08\/benflis.jpg 386w, https:\/\/www.elwatan.com\/wp-content\/uploads\/2019\/08\/benflis-300x296.jpg 300w\" sizes=\"(max-width: 386px) 100vw, 386px\"\/><noscript><\/p>\n<p><img loading=\"lazy\" decoding=\"async\" width=\"386\" height=\"381\" src=\"https:\/\/www.elwatan.com\/wp-content\/uploads\/2019\/08\/benflis.jpg\" class=\"attachment-post-thumbnail size-post-thumbnail wp-post-image\" alt=\"\" srcset=\"https:\/\/www.elwatan.com\/wp-content\/uploads\/2019\/08\/benflis.jpg 386w, https:\/\/www.elwatan.com\/wp-content\/uploads\/2019\/08\/benflis-300x296.jpg 300w\" sizes=\"auto, (max-width: 386px) 100vw, 386px\"\/><\/p>\n<p><\/noscript><\/div>\n<p class=\"p1\"><span class=\"s1\">A<\/span><span class=\"s2\">li Benflis, pr\u00e9sident de Talaie El Hourriyet, qui a rencontr\u00e9, hier \u00e0 Alger, Karim Youn\u00e8s et les membres de l\u2019instance de dialogue, a r\u00e9it\u00e9r\u00e9 les <em>\u00abconditions\u00bb<\/em> \u00e0 mettre en \u0153uvre avant tout scrutin pr\u00e9sidentiel. Lors de cette entrevue, il a soulign\u00e9 que les <em>\u00abobjectifs du dialogue national\u00bb<\/em> doivent <em>\u00abviser la reprise, dans des conditions irr\u00e9prochables, du processus \u00e9lectoral pr\u00e9sidentiel appel\u00e9 \u00e0 \u00eatre le point de d\u00e9part de la rel\u00e9gitimation de l\u2019ensemble des institutions r\u00e9publicaines et de l\u2019ouverture de la transition globale, politique, \u00e9conomique et sociale dont le pays a un besoin vital\u00bb<\/em>, a estim\u00e9 le parti dans un communiqu\u00e9 publi\u00e9 \u00e0 l\u2019issue de la rencontre.<\/span><\/p>\n<p class=\"p1\"><span class=\"s2\">Ali Benflis, qui a r\u00e9it\u00e9r\u00e9 <em>\u00able ferme attachement\u00bb<\/em> de son parti au <em>\u00abdialogue national comme instrument privil\u00e9gi\u00e9 de r\u00e8glement de la crise de r\u00e9gime\u00bb<\/em>, a apport\u00e9 son appui \u00e0 la d\u00e9marche du panel et de ses objectifs devant satisfaire <em>\u00ables demandes l\u00e9gitimes de la r\u00e9volution d\u00e9mocratique pacifique qui vont dans le sens de la n\u00e9cessaire modernisation politique du pays et de la transformation de l\u2019Etat national en Etat de droit\u00bb<\/em>. Ali Benflis a exprim\u00e9 <em>\u00absa conviction que l\u2019\u00e9lection pr\u00e9sidentielle est la voie la plus r\u00e9aliste, la moins longue, la moins risqu\u00e9e et la moins co\u00fbteuse pour le pays au plan politique, s\u00e9curitaire, \u00e9conomique et social, \u00e0 la condition que soient r\u00e9unies les conditions politiques, institutionnelles et l\u00e9gales et un environnement favorable pour la tenue d\u2019un scrutin permettant, pour la premi\u00e8re fois, au peuple alg\u00e9rien<span class=\"Apple-converted-space\">\u00a0<\/span> d\u2019exercer librement le choix de son<\/em> <em>pr\u00e9sident de la R\u00e9publique sans que sa volont\u00e9 ne soit d\u00e9voy\u00e9e\u00bb<\/em>, a indiqu\u00e9 le parti.<\/span><\/p>\n<p class=\"p2\"><span class=\"s2\">A Karim Youn\u00e8s, l\u2019ancien chef de gouvernement a expliqu\u00e9 que la r\u00e9ussite du dialogue et la tenue de l\u2019\u00e9lection pr\u00e9sidentielle doivent satisfaire quatre conditions. La premi\u00e8re est <em>\u00abla cr\u00e9ation d\u2019un environnement apais\u00e9 pour le succ\u00e8s du scrutin par l\u2019adoption de mesures de confiance et d\u2019apaisement et des signaux forts de la part des autorit\u00e9s quant \u00e0 la volont\u00e9 de garantir la r\u00e9gularit\u00e9, la transparence et l\u2019int\u00e9grit\u00e9 du scrutin\u00bb<\/em>. La seconde est le <em>\u00abd\u00e9part du gouvernement en place, devenu un facteur important dans l\u2019impasse actuelle, un obstacle au<\/em> <em>d\u00e9roulement confiant et serein du Dialogue national et une entrave s\u00e9rieuse \u00e0 la bonne gestion des affaires publiques et son remplacement par un gouvernement de comp\u00e9tences nationales pour g\u00e9rer les affaires courantes\u00bb<\/em>. La troisi\u00e8me est <em>\u00abla cr\u00e9ation d\u2019une \u00a0\u00bbautorit\u00e9 \u00e9lectorale ind\u00e9pendante ad hoc\u00a0\u00bb investie de l\u2019int\u00e9gralit\u00e9 des pr\u00e9rogatives aff\u00e9rentes \u00e0 la pr\u00e9paration, \u00e0 l\u2019organisation et au contr\u00f4le du processus \u00e9lectoral pr\u00e9sidentiel qui prenne en charge l\u2019ensemble du processus depuis la r\u00e9vision des listes \u00e9lectorales jusqu\u2019\u00e0 la proclamation des r\u00e9sultats\u00bb.<\/em> Le dernier pr\u00e9alable est <em>\u00abla r\u00e9vision de la l\u00e9gislation \u00e9lectorale actuelle pour supprimer les niches de la fraude, combler les lacunes, revoir l\u2019architecture de l\u2019encadrement du processus \u00e9lectoral, lever les entraves au libre choix de l\u2019\u00e9lecteur et garantir un scrutin impartial, r\u00e9gulier et transparent\u00bb.<\/em><\/span><\/p>\n<p class=\"p2\"><span class=\"s2\">Au sujet de la mise en place de l\u2019Assembl\u00e9e constituante, r\u00e9clam\u00e9e par certains partis et personnalit\u00e9s nationales, le candidat \u00e0 la pr\u00e9sidentielle de 2014 a exprim\u00e9 <em>\u00abses r\u00e9serves\u00bb,<\/em> relevant <em>\u00ables risques qu\u2019elle ne multiplie les impasses, qu\u2019elle prolonge ind\u00fbment la dur\u00e9e de la crise et qu\u2019elle aboutisse \u00e0 son extension et \u00e0 son exacerbation\u00bb. \u00abIl a consid\u00e9r\u00e9 que le changement de r\u00e9gime politique, la transition d\u00e9mocratique et l\u2019\u00e9laboration d\u2019une nouvelle Constitution pour la R\u00e9publique, pourront \u00eatre pris en charge dans un mandat de transition que le peuple alg\u00e9rien confiera au prochain pr\u00e9sident de la R\u00e9publique\u00bb<\/em>, a conclu Talaie El Hourriyet.<\/span><\/p>\n<p><span class=\"post-views-label\">Post Views:<\/span> <span class=\"post-views-count\">2\u00a0027<\/span><\/p>\n<p><br class=\"c4\"\/><\/p>\n<p>Auteur: Hicham Chouadria<br \/>\n<a href=\"https:\/\/www.elwatan.com\/edition\/actualite\/dialogue-national-le-oui-mais-de-ali-benflis-22-08-2019\">Cliquez ici pour lire l&rsquo;article depuis sa source.<\/a><\/p>\n","protected":false},"excerpt":{"rendered":"<p>Ali Benflis, pr\u00e9sident de Talaie El Hourriyet, qui a rencontr\u00e9, hier \u00e0 Alger, Karim Youn\u00e8s et les membres de l\u2019instance de dialogue, a r\u00e9it\u00e9r\u00e9 les \u00abconditions\u00bb \u00e0 mettre en \u0153uvre avant tout scrutin pr\u00e9sidentiel. Lors de cette entrevue, il a soulign\u00e9 que les \u00abobjectifs du dialogue national\u00bb doivent \u00abviser la reprise, dans des conditions irr\u00e9prochables, [&hellip;]<\/p>\n","protected":false},"author":1743,"featured_media":58833,"comment_status":"closed","ping_status":"closed","sticky":false,"template":"","format":"standard","meta":{"fifu_image_url":"","fifu_image_alt":"","footnotes":""},"categories":[73,53],"tags":[],"class_list":["post-58832","post","type-post","status-publish","format-standard","has-post-thumbnail","hentry","category-actualite","category-algerie"],"_links":{"self":[{"href":"https:\/\/linitiative.ca\/International\/wp-json\/wp\/v2\/posts\/58832","targetHints":{"allow":["GET"]}}],"collection":[{"href":"https:\/\/linitiative.ca\/International\/wp-json\/wp\/v2\/posts"}],"about":[{"href":"https:\/\/linitiative.ca\/International\/wp-json\/wp\/v2\/types\/post"}],"author":[{"embeddable":true,"href":"https:\/\/linitiative.ca\/International\/wp-json\/wp\/v2\/users\/1743"}],"replies":[{"embeddable":true,"href":"https:\/\/linitiative.ca\/International\/wp-json\/wp\/v2\/comments?post=58832"}],"version-history":[{"count":0,"href":"https:\/\/linitiative.ca\/International\/wp-json\/wp\/v2\/posts\/58832\/revisions"}],"wp:featuredmedia":[{"embeddable":true,"href":"https:\/\/linitiative.ca\/International\/wp-json\/"}],"wp:attachment":[{"href":"https:\/\/linitiative.ca\/International\/wp-json\/wp\/v2\/media?parent=58832"}],"wp:term":[{"taxonomy":"category","embeddable":true,"href":"https:\/\/linitiative.ca\/International\/wp-json\/wp\/v2\/categories?post=58832"},{"taxonomy":"post_tag","embeddable":true,"href":"https:\/\/linitiative.ca\/International\/wp-json\/wp\/v2\/tags?post=58832"}],"curies":[{"name":"wp","href":"https:\/\/api.w.org\/{rel}","templated":true}]}}