{"id":58838,"date":"2019-08-22T15:43:00","date_gmt":"2019-08-22T19:43:00","guid":{"rendered":"https:\/\/linitiative.ca\/International\/abdelkarim-zbidi-oui-je-peux-etre-un-politique-mais-pas-nimporte-lequel\/"},"modified":"2019-08-22T15:43:00","modified_gmt":"2019-08-22T19:43:00","slug":"abdelkarim-zbidi-oui-je-peux-etre-un-politique-mais-pas-nimporte-lequel","status":"publish","type":"post","link":"https:\/\/linitiative.ca\/International\/abdelkarim-zbidi-oui-je-peux-etre-un-politique-mais-pas-nimporte-lequel\/","title":{"rendered":"Abdelkarim Zbidi : \u00ab Oui, je peux \u00eatre un Politique, mais pas n\u2019importe lequel \u00bb"},"content":{"rendered":"<p>Premier oral tr\u00e8s attendu du candidat Zbidi \u00e0 Carthage, face \u00e0 Meriem Belcadhi sur Al Hiwar TV, jeudi en d\u00e9but de soir\u00e9e. Sait-il parler\u00a0? Est-il capable d\u2019\u00e9tayer son programme et de d\u00e9fendre son projet\u00a0? Saura-t-il convaincre et surtout balayer tant de \u00ab\u00a0rumeurs\u00a0\u00bb colport\u00e9es \u00e0 son encontre\u00a0? Il s\u2019y emploiera m\u00e9thodiquement, pendant pr\u00e8s de 60 minutes. Mis sur le gril, il se savait auscult\u00e9 et qu&rsquo;il ne sera pas rat\u00e9 par ses d\u00e9tracteurs \u00e0 l&rsquo;aff\u00fbt du moindre faux-pas.<\/p>\n<h2>Action, r\u00e9alisation et responsabilit\u00e9<\/h2>\n<p>Intervenant juste apr\u00e8s l\u2019annonce de Youssef Chahed de passer la main provisoirement \u00e0 Kamel Morjane \u00e0 la Kasbah\u00a0: Zbidi juge cette d\u00e9cision \u00ab\u00a0naturelle\u00a0\u00bb. Une r\u00e8gle est \u00e0 convenir pour tous les candidats \u00e0 Carthage, comme au Bardo, ajoutera-t-il. Pour son propre cas, il indique avoir remis sa d\u00e9mission entre les mains du pr\u00e9sident de la R\u00e9publique, chef supr\u00eame des arm\u00e9es.<\/p>\n<p>Ce principe rappel\u00e9, Zbidi tiendra \u00e0 pr\u00e9ciser <span class=\"c2\"><strong>le sens de la politique de la comp\u00e9tition \u00e9lectorale, comme il l\u2019entend<\/strong><\/span>. \u00ab\u00a0Ni attaques personnelles, ni usurpation par n\u2019importe quel moyen, du pouvoir, mais une \u00e9l\u00e9vation au plus haut niveau dans l\u2019incarnation de l\u2019Etat.\u00a0Je ne sais pas mentir ni diffamer,j\u2019ai une autre \u00e9thique de vie.\u00bb Il le r\u00e9sume clairement\u00a0: Action, r\u00e9alisation et responsabilit\u00e9. \u00ab\u00a0Dans cette acception, oui, je peux \u00eatre un politique\u00a0\u00bb.<br \/>\u00a0<\/p>\n<p><span class=\"c2\"><strong>Son ind\u00e9pendance<\/strong><\/span> est-elle un handicap qui le prive d\u2019un n\u00e9cessaire soutien politique surtout au parlement pour faire passer ses initiatives de loi\u00a0? Abddelkarim Zbidi affirme que cette ind\u00e9pendance est \u00e0 l\u2019inverse tr\u00e8s positive, pla\u00e7ant le chef de l\u2019Etat au-dessus des partis, et lui permettant de r\u00e9unir un large consensus sur les questions majeures.<\/p>\n<h2>Comptable devant tous, non redevable \u00e0 personne<\/h2>\n<p>Zbidi soulignera qu\u2019il se consid\u00e8re, pour ce qui est de ceux qui le soutiennent, comme <span class=\"c2\"><strong>un comptable de son mandat devant tous, le peuple entier, sans \u00eatre redevable de son \u00e9lection \u00e0 personne<\/strong><\/span>, encore moins\u00a0 \u00e0 un parti en particulier. Il se d\u00e9finit clairement en tant qu\u2019ind\u00e9pendant, aux antipodes des factions, mais en rassembleur de tous. Aussi, il r\u00e9cuse toute id\u00e9e d\u2019alliances ou de quotas. L\u2019ind\u00e9pendance \u00e0 ses yeux n\u2019est pas contre telle ou telle partie, mais une plateforme d\u2019union qui facilitera l\u2019action du gouvernement et les d\u00e9lib\u00e9rations de l\u2019ARP<\/p>\n<p><span class=\"c2\"><strong>Quant au Tawafouk \/\u00a0Wifak,<\/strong><\/span> qu\u2019il a jug\u00e9 incontournable au cours de la premi\u00e8re phase du mandat pr\u00e9sidentiel qui s\u2019ach\u00e8ve, en raison des imp\u00e9ratifs de stabilit\u00e9, il n\u2019est plus de mise aujourd\u2019hui dans le m\u00eame format. \u00ab\u00a0Le pr\u00e9sident n\u2019y interf\u00e8re gu\u00e8re. C\u2019est d\u2019ailleurs du ressort du chef du gouvernement. Il lui appartient de b\u00e2tir la coalition qu\u2019il juge appropri\u00e9e. Le r\u00f4le du chef de l\u2019Etat sera d\u2019\u0153uvrer, en cas de besoin, de rapprocher les points de vue et de r\u00e9soudre des diff\u00e9rents qui pourraient survenir pour favoriser l\u2019int\u00e9r\u00eat sup\u00e9rieur, \u00e0 partir d\u2019un tronc commun.\u00a0\u00bb<\/p>\n<p><span class=\"c2\"><strong>Tour-\u00e0-tour,<\/strong><\/span> le candidat Zbidi r\u00e9pondra aux questions de Meriem Belcadhi sur les cinq engagements qu\u2019il s\u2019est fix\u00e9\u00a0: l\u2019acc\u00e9l\u00e9ration de l\u2019enqu\u00eate sur l\u2019appareil secret, l\u2019assassinat des martyrs Belaid et Brahmi, la r\u00e9vision de la constitution, la r\u00e9ouverture de l\u2019ambassade de Tunisie \u00e0 Damas, et la r\u00e9conciliation nationale. Il n\u2019esquivera pas les questions relatives \u00e0 ses relations avec le pr\u00e9sident d\u00e9funt Ca\u00efd Essebsi se contentant de r\u00e9v\u00e9ler que jusqu\u2019\u00e0 son dernier soupir, sa plus grande pr\u00e9occupation \u00e9tait la Tunisie et son devenir.<\/p>\n<p><strong>Lire aussi<\/strong><\/p>\n<p><a href=\"https:\/\/www.leaders.com.tn\/article\/27799-la-verite-sur-l-appareil-secret-et-l-assassinat-de-belaid-et-brahmi-est-une-priorite-absolue-pour-zbidi\" target=\"_blank\" rel=\"noopener noreferrer\">La v\u00e9rit\u00e9 sur l\u2019appareil secret et l\u2019assassinat de Bela\u00efd et Brahmi est une priorit\u00e9 absolue pour Zbidi<\/a><br \/><a href=\"https:\/\/www.leaders.com.tn\/article\/27800-zbidi-voici-pourquoi-ne-devons-ouvrir-notre-ambassade-en-syrie\">Zbidi : Voici pourquoi ne devons ouvrir notre ambassade en Syrie<\/a><br \/><a href=\"https:\/\/www.leaders.com.tn\/article\/27798-zbidi-avec-la-disparition-du-president-caid-essebsi-j-ai-perdu-mon-chef-mon-pere-mon-frere-aine\" target=\"_blank\" rel=\"noopener noreferrer\">Zbidi : Avec la disparition du pr\u00e9sident Ca\u00efd Essebsi, j\u2019ai perdu mon chef, mon p\u00e8re, mon fr\u00e8re a\u00een\u00e9<\/a><br \/><a href=\"https:\/\/www.leaders.com.tn\/article\/27797-pour-zbidi-le-dysfonctionnement-institutionnel-voulu-a-largement-contribue-au-blocage-et-a-l-anarchie\" target=\"_blank\" rel=\"noopener noreferrer\">Pour Zbidi, le dysfonctionnement institutionnel voulu a largement contribu\u00e9 au blocage et \u00e0 l\u2019anarchie<\/a><\/p>\n<p>\u00a0<\/p>\n<p>Auteur:<br \/>\n<a href=\"https:\/\/www.leaders.com.tn\/article\/27796-abdelkarim-zbidi-oui-je-peux-etre-un-politique-mais-pas-n-importe-lequel\">Cliquez ici pour lire l&rsquo;article depuis sa source.<\/a><\/p>\n","protected":false},"excerpt":{"rendered":"<p>Premier oral tr\u00e8s attendu du candidat Zbidi \u00e0 Carthage, face \u00e0 Meriem Belcadhi sur Al Hiwar TV, jeudi en d\u00e9but de soir\u00e9e. Sait-il parler\u00a0? Est-il capable d\u2019\u00e9tayer son programme et de d\u00e9fendre son projet\u00a0? Saura-t-il convaincre et surtout balayer tant de \u00ab\u00a0rumeurs\u00a0\u00bb colport\u00e9es \u00e0 son encontre\u00a0? Il s\u2019y emploiera m\u00e9thodiquement, pendant pr\u00e8s de 60 minutes. [&hellip;]<\/p>\n","protected":false},"author":1772,"featured_media":0,"comment_status":"closed","ping_status":"closed","sticky":false,"template":"","format":"standard","meta":{"fifu_image_url":"","fifu_image_alt":"","footnotes":""},"categories":[73,55],"tags":[],"class_list":["post-58838","post","type-post","status-publish","format-standard","hentry","category-actualite","category-tunisie"],"_links":{"self":[{"href":"https:\/\/linitiative.ca\/International\/wp-json\/wp\/v2\/posts\/58838","targetHints":{"allow":["GET"]}}],"collection":[{"href":"https:\/\/linitiative.ca\/International\/wp-json\/wp\/v2\/posts"}],"about":[{"href":"https:\/\/linitiative.ca\/International\/wp-json\/wp\/v2\/types\/post"}],"author":[{"embeddable":true,"href":"https:\/\/linitiative.ca\/International\/wp-json\/wp\/v2\/users\/1772"}],"replies":[{"embeddable":true,"href":"https:\/\/linitiative.ca\/International\/wp-json\/wp\/v2\/comments?post=58838"}],"version-history":[{"count":0,"href":"https:\/\/linitiative.ca\/International\/wp-json\/wp\/v2\/posts\/58838\/revisions"}],"wp:attachment":[{"href":"https:\/\/linitiative.ca\/International\/wp-json\/wp\/v2\/media?parent=58838"}],"wp:term":[{"taxonomy":"category","embeddable":true,"href":"https:\/\/linitiative.ca\/International\/wp-json\/wp\/v2\/categories?post=58838"},{"taxonomy":"post_tag","embeddable":true,"href":"https:\/\/linitiative.ca\/International\/wp-json\/wp\/v2\/tags?post=58838"}],"curies":[{"name":"wp","href":"https:\/\/api.w.org\/{rel}","templated":true}]}}