{"id":58839,"date":"2019-08-22T15:56:00","date_gmt":"2019-08-22T19:56:00","guid":{"rendered":"https:\/\/linitiative.ca\/International\/pour-zbidi-le-dysfonctionnement-institutionnel-voulu-a-largement-contribue-au-blocage-et-a-lanarchie\/"},"modified":"2019-08-22T15:56:00","modified_gmt":"2019-08-22T19:56:00","slug":"pour-zbidi-le-dysfonctionnement-institutionnel-voulu-a-largement-contribue-au-blocage-et-a-lanarchie","status":"publish","type":"post","link":"https:\/\/linitiative.ca\/International\/pour-zbidi-le-dysfonctionnement-institutionnel-voulu-a-largement-contribue-au-blocage-et-a-lanarchie\/","title":{"rendered":"Pour Zbidi, le dysfonctionnement institutionnel voulu a largement contribu\u00e9 au blocage et \u00e0 l\u2019anarchie"},"content":{"rendered":"<p>Une fois \u00e9lu \u00e0 Carthage, Abddelkarim Zbidi s\u2019engage \u00e0 introduire devant l\u2019ARP un projet de r\u00e9vision constitutionnelle. \u00ab\u00a0En optant pour ce syst\u00e8me politique cens\u00e9 \u00eatre parlementaire am\u00e9nag\u00e9, nous nous sommes en fait retrouv\u00e9 avec un parlementarisme complexe et compliqu\u00e9, et ce n&rsquo;\u00e9tait pas innoncent \u00bb, affirme-t-il, citant nombre d\u2019exemples \u00e9difiants. \u00ab\u00a0Le pouvoir s\u2019est disloqu\u00e9, ajoutera-t-il, \u00e9parpillant le pouvoir entre trois parties, sans qu\u2019aucune n\u2019en soit effectivement responsable. Cette situation a largement contribu\u00e9 au blocage des d\u00e9cisions et \u00e0 l\u2019instauration d\u2019une anarchie sans cesse aggrav\u00e9e, en plus de l\u2019affaiblissement p\u00e9rilleux de l\u2019Etat. Cela ne saurait durer plus longtemps.\u00a0\u00bb<\/p>\n<p>Sa pr\u00e9f\u00e9rence est nette: un r\u00e9gume pr\u00e9sidentiel fort. C&rsquo;est la doctrine BCE.<\/p>\n<p><strong>Lire aussi<\/strong><\/p>\n<p><a href=\"https:\/\/www.leaders.com.tn\/article\/27799-la-verite-sur-l-appareil-secret-et-l-assassinat-de-belaid-et-brahmi-est-une-priorite-absolue-pour-zbidi\" target=\"_blank\" rel=\"noopener noreferrer\">La v\u00e9rit\u00e9 sur l\u2019appareil secret et l\u2019assassinat de Bela\u00efd et Brahmi est une priorit\u00e9 absolue pour Zbidi<\/a><br \/><a href=\"https:\/\/www.leaders.com.tn\/article\/27800-zbidi-voici-pourquoi-ne-devons-ouvrir-notre-ambassade-en-syrie\">Zbidi : Voici pourquoi ne devons ouvrir notre ambassade en Syrie<\/a><br \/><a href=\"https:\/\/www.leaders.com.tn\/article\/27798-zbidi-avec-la-disparition-du-president-caid-essebsi-j-ai-perdu-mon-chef-mon-pere-mon-frere-aine\" target=\"_blank\" rel=\"noopener noreferrer\">Zbidi : Avec la disparition du pr\u00e9sident Ca\u00efd Essebsi, j\u2019ai perdu mon chef, mon p\u00e8re, mon fr\u00e8re a\u00een\u00e9<\/a><br \/><a href=\"https:\/\/www.leaders.com.tn\/article\/27796-abdelkarim-zbidi-oui-je-peux-etre-un-politique-mais-pas-n-importe-lequel\">Abdelkarim Zbidi : \u00ab Oui, je peux \u00eatre un Politique, mais pas n\u2019importe lequel \u00bb<\/a><\/p>\n<p>\u00a0<\/p>\n<p>Auteur:<br \/>\n<a href=\"https:\/\/www.leaders.com.tn\/article\/27797-pour-zbidi-le-dysfonctionnement-institutionnel-voulu-a-largement-contribue-au-blocage-et-a-l-anarchie\">Cliquez ici pour lire l&rsquo;article depuis sa source.<\/a><\/p>\n","protected":false},"excerpt":{"rendered":"<p>Une fois \u00e9lu \u00e0 Carthage, Abddelkarim Zbidi s\u2019engage \u00e0 introduire devant l\u2019ARP un projet de r\u00e9vision constitutionnelle. \u00ab\u00a0En optant pour ce syst\u00e8me politique cens\u00e9 \u00eatre parlementaire am\u00e9nag\u00e9, nous nous sommes en fait retrouv\u00e9 avec un parlementarisme complexe et compliqu\u00e9, et ce n&rsquo;\u00e9tait pas innoncent \u00bb, affirme-t-il, citant nombre d\u2019exemples \u00e9difiants. \u00ab\u00a0Le pouvoir s\u2019est disloqu\u00e9, ajoutera-t-il, [&hellip;]<\/p>\n","protected":false},"author":1772,"featured_media":0,"comment_status":"closed","ping_status":"closed","sticky":false,"template":"","format":"standard","meta":{"fifu_image_url":"","fifu_image_alt":"","footnotes":""},"categories":[73,55],"tags":[],"class_list":["post-58839","post","type-post","status-publish","format-standard","hentry","category-actualite","category-tunisie"],"_links":{"self":[{"href":"https:\/\/linitiative.ca\/International\/wp-json\/wp\/v2\/posts\/58839","targetHints":{"allow":["GET"]}}],"collection":[{"href":"https:\/\/linitiative.ca\/International\/wp-json\/wp\/v2\/posts"}],"about":[{"href":"https:\/\/linitiative.ca\/International\/wp-json\/wp\/v2\/types\/post"}],"author":[{"embeddable":true,"href":"https:\/\/linitiative.ca\/International\/wp-json\/wp\/v2\/users\/1772"}],"replies":[{"embeddable":true,"href":"https:\/\/linitiative.ca\/International\/wp-json\/wp\/v2\/comments?post=58839"}],"version-history":[{"count":0,"href":"https:\/\/linitiative.ca\/International\/wp-json\/wp\/v2\/posts\/58839\/revisions"}],"wp:attachment":[{"href":"https:\/\/linitiative.ca\/International\/wp-json\/wp\/v2\/media?parent=58839"}],"wp:term":[{"taxonomy":"category","embeddable":true,"href":"https:\/\/linitiative.ca\/International\/wp-json\/wp\/v2\/categories?post=58839"},{"taxonomy":"post_tag","embeddable":true,"href":"https:\/\/linitiative.ca\/International\/wp-json\/wp\/v2\/tags?post=58839"}],"curies":[{"name":"wp","href":"https:\/\/api.w.org\/{rel}","templated":true}]}}