{"id":58840,"date":"2019-08-22T16:10:00","date_gmt":"2019-08-22T20:10:00","guid":{"rendered":"https:\/\/linitiative.ca\/International\/zbidi-avec-la-disparition-du-president-caid-essebsi-jai-perdu-mon-chef-mon-pere-mon-frere-aine\/"},"modified":"2019-08-22T16:10:00","modified_gmt":"2019-08-22T20:10:00","slug":"zbidi-avec-la-disparition-du-president-caid-essebsi-jai-perdu-mon-chef-mon-pere-mon-frere-aine","status":"publish","type":"post","link":"https:\/\/linitiative.ca\/International\/zbidi-avec-la-disparition-du-president-caid-essebsi-jai-perdu-mon-chef-mon-pere-mon-frere-aine\/","title":{"rendered":"Zbidi : Avec la disparition du pr\u00e9sident Ca\u00efd Essebsi, j\u2019ai perdu mon chef, mon p\u00e8re, mon fr\u00e8re a\u00een\u00e9"},"content":{"rendered":"<p>Seriez-vous l\u2019h\u00e9ritier d\u00e9sign\u00e9 par le pr\u00e9sident Ca\u00efd Essebsi\u00a0? lancera Meriem Belcadhi \u00e0 Abdelkarim Zbidi qu\u2019elle soumettait au feu roulant de ses questions, jeudi sur Al Hiwar. \u00ab\u00a0J\u2019ai perdu en lui mon chef, mon p\u00e8re, mon fr\u00e8re a\u00een\u00e9 lui r\u00e9pondra-t-il non sans \u00e9motion. J\u2019avais avec lui des relations tr\u00e8s particuli\u00e8res, officielles, mais aussi personnelles. Par deux fois, il m\u2019avait propos\u00e9 de former un gouvernement et de le conduire ce que j\u2019ai toujours d\u00e9clin\u00e9\u00a0\u00bb. S\u2019il n\u2019a pas voulu se laisser entrainer davantage dans la confidence, il se contentera de dire que trois jours avant son d\u00e9c\u00e8s, le pr\u00e9sident Ca\u00efd Essebsi qui l\u2019avait re\u00e7u lundi 22 juillet n\u2019avait qu\u2019une seule grande pr\u00e9occupation\u00a0: la Tunisie. Il \u00e9tait mort avec cette pr\u00e9occupation.\u00a0\u00bb<\/p>\n<h2>Le livre que lui avait offert BCE<\/h2>\n<p>Lorsque Meriem Belcadhi lui demandera quels sont les trois objets qu\u2019il prendrait avec lui \u00e0 Carthage s\u2019il y est \u00e9lu, Zbidi en citera deux. \u00ab\u00a0Une photo avec le pr\u00e9sident et un livre qu\u2019il m\u2019avait offert. Je ne vous en r\u00e9v\u00e8lerai pas le titre, mais je me limite \u00e0 vous dire qu\u2019il traite d\u2019hommes politiques qui s\u2019\u00e9taient maintenus \u00e0 vie au pouvoir, sans jamais le l\u00e2cher, jusqu\u2019au denier soupir.\u00a0\u00bb<\/p>\n<p><strong>Lire aussi<\/strong><\/p>\n<p><a href=\"https:\/\/www.leaders.com.tn\/article\/27799-la-verite-sur-l-appareil-secret-et-l-assassinat-de-belaid-et-brahmi-est-une-priorite-absolue-pour-zbidi\" target=\"_blank\" rel=\"noopener noreferrer\">La v\u00e9rit\u00e9 sur l\u2019appareil secret et l\u2019assassinat de Bela\u00efd et Brahmi est une priorit\u00e9 absolue pour Zbidi<\/a><br \/><a href=\"https:\/\/www.leaders.com.tn\/article\/27800-zbidi-voici-pourquoi-ne-devons-ouvrir-notre-ambassade-en-syrie\">Zbidi : Voici pourquoi ne devons ouvrir notre ambassade en Syrie<\/a><br \/><a href=\"https:\/\/www.leaders.com.tn\/article\/27797-pour-zbidi-le-dysfonctionnement-institutionnel-voulu-a-largement-contribue-au-blocage-et-a-l-anarchie\" target=\"_blank\" rel=\"noopener noreferrer\">Pour Zbidi, le dysfonctionnement institutionnel voulu a largement contribu\u00e9 au blocage et \u00e0 l\u2019anarchie<\/a><br \/><a href=\"https:\/\/www.leaders.com.tn\/article\/27796-abdelkarim-zbidi-oui-je-peux-etre-un-politique-mais-pas-n-importe-lequel\">Abdelkarim Zbidi : \u00ab Oui, je peux \u00eatre un Politique, mais pas n\u2019importe lequel \u00bb<\/a><\/p>\n<p>\u00a0<\/p>\n<p>Auteur:<br \/>\n<a href=\"https:\/\/www.leaders.com.tn\/article\/27798-zbidi-avec-la-disparition-du-president-caid-essebsi-j-ai-perdu-mon-chef-mon-pere-mon-frere-aine\">Cliquez ici pour lire l&rsquo;article depuis sa source.<\/a><\/p>\n","protected":false},"excerpt":{"rendered":"<p>Seriez-vous l\u2019h\u00e9ritier d\u00e9sign\u00e9 par le pr\u00e9sident Ca\u00efd Essebsi\u00a0? lancera Meriem Belcadhi \u00e0 Abdelkarim Zbidi qu\u2019elle soumettait au feu roulant de ses questions, jeudi sur Al Hiwar. \u00ab\u00a0J\u2019ai perdu en lui mon chef, mon p\u00e8re, mon fr\u00e8re a\u00een\u00e9 lui r\u00e9pondra-t-il non sans \u00e9motion. J\u2019avais avec lui des relations tr\u00e8s particuli\u00e8res, officielles, mais aussi personnelles. Par deux [&hellip;]<\/p>\n","protected":false},"author":1772,"featured_media":0,"comment_status":"closed","ping_status":"closed","sticky":false,"template":"","format":"standard","meta":{"fifu_image_url":"","fifu_image_alt":"","footnotes":""},"categories":[73,55],"tags":[],"class_list":["post-58840","post","type-post","status-publish","format-standard","hentry","category-actualite","category-tunisie"],"_links":{"self":[{"href":"https:\/\/linitiative.ca\/International\/wp-json\/wp\/v2\/posts\/58840","targetHints":{"allow":["GET"]}}],"collection":[{"href":"https:\/\/linitiative.ca\/International\/wp-json\/wp\/v2\/posts"}],"about":[{"href":"https:\/\/linitiative.ca\/International\/wp-json\/wp\/v2\/types\/post"}],"author":[{"embeddable":true,"href":"https:\/\/linitiative.ca\/International\/wp-json\/wp\/v2\/users\/1772"}],"replies":[{"embeddable":true,"href":"https:\/\/linitiative.ca\/International\/wp-json\/wp\/v2\/comments?post=58840"}],"version-history":[{"count":0,"href":"https:\/\/linitiative.ca\/International\/wp-json\/wp\/v2\/posts\/58840\/revisions"}],"wp:attachment":[{"href":"https:\/\/linitiative.ca\/International\/wp-json\/wp\/v2\/media?parent=58840"}],"wp:term":[{"taxonomy":"category","embeddable":true,"href":"https:\/\/linitiative.ca\/International\/wp-json\/wp\/v2\/categories?post=58840"},{"taxonomy":"post_tag","embeddable":true,"href":"https:\/\/linitiative.ca\/International\/wp-json\/wp\/v2\/tags?post=58840"}],"curies":[{"name":"wp","href":"https:\/\/api.w.org\/{rel}","templated":true}]}}