{"id":58847,"date":"2019-08-22T12:48:55","date_gmt":"2019-08-22T16:48:55","guid":{"rendered":"https:\/\/linitiative.ca\/International\/le-footballeur-ghaneen-junior-agogo-est-decede\/"},"modified":"2019-08-22T12:48:55","modified_gmt":"2019-08-22T16:48:55","slug":"le-footballeur-ghaneen-junior-agogo-est-decede","status":"publish","type":"post","link":"https:\/\/linitiative.ca\/International\/le-footballeur-ghaneen-junior-agogo-est-decede\/","title":{"rendered":"Le footballeur ghan\u00e9en Junior Agogo est d\u00e9c\u00e9d\u00e9"},"content":{"rendered":"<p><strong>Le Ghan\u00e9en Junior Agogo, h\u00e9ros de la Coupe d\u2019Afrique des nations 2008, est d\u00e9c\u00e9d\u00e9 ce jeudi d\u2019une longue maladie. L\u2019ancien attaquant des Black Stars avait 40 ans.<\/strong><\/p>\n<div class=\"c10\"\/>\n<p>Deux ann\u00e9es apr\u00e8s la fin de sa carri\u00e8re, Agogo a \u00e9t\u00e9 victime d\u2019un AVC en 2015, ce qui l\u2019a physiquement affaibli depuis lors.<\/p>\n<p>Avec la s\u00e9lection ghan\u00e9enne, Agogo a disput\u00e9 27 matchs et a marqu\u00e9 12 buts. Le regrett\u00e9 a \u00e9volu\u00e9 dans 15 clubs dans 4 diff\u00e9rents pays : l\u2019Angleterre, les Etats-Unis, l\u2019Egypte et l\u2019Ecosse. Entre autres clubs, Sheffield Wednesday, Fire de Chicago, Nottingham Forest, Zamalek et Hibernian FC.<\/p>\n<div class=\"wp-block-embed__wrapper\">\n<blockquote class=\"twitter-tweet\" data-width=\"550\" data-dnt=\"true\">\n<p lang=\"en\" dir=\"ltr\">The Ghana Football Association is saddened by news of the sudden demise of ex-Ghana star Junior Agogo. On behalf of the Ghanaian football fraternity, we extend our sincere condolences to the family of our Black Star, Junior Agogo. May his soul Rest In Peace <a href=\"https:\/\/t.co\/cRgskOyuC3\">pic.twitter.com\/cRgskOyuC3<\/a><\/p>\n<p>\u2014 Ghana Football Association (@ghanafaofficial) <a href=\"https:\/\/twitter.com\/ghanafaofficial\/status\/1164522032391950336?ref_src=twsrc%5Etfw\">August 22, 2019<\/a><\/p><\/blockquote>\n<\/div>\n<div class=\"c17\">\n<fieldset class=\"c16\">\n<legend><strong><span class=\"c11\">Challenge<\/span><span class=\"c12\">news<\/span><\/strong><\/legend>\n<div class=\"c15\">Le meilleur de la r\u00e9daction s\u00e9lectionn\u00e9 par Challenge :<\/p>\n<\/div>\n<\/fieldset>\n<\/div>\n<p>Auteur: Hajar DARI<br \/>\n<a href=\"https:\/\/www.challenge.ma\/le-footballeur-ghaneen-junior-agogo-est-decede-115864\/\">Cliquez ici pour lire l&rsquo;article depuis sa source.<\/a><\/p>\n","protected":false},"excerpt":{"rendered":"<p>Le Ghan\u00e9en Junior Agogo, h\u00e9ros de la Coupe d\u2019Afrique des nations 2008, est d\u00e9c\u00e9d\u00e9 ce jeudi d\u2019une longue maladie. L\u2019ancien attaquant des Black Stars avait 40 ans. Deux ann\u00e9es apr\u00e8s la fin de sa carri\u00e8re, Agogo a \u00e9t\u00e9 victime d\u2019un AVC en 2015, ce qui l\u2019a physiquement affaibli depuis lors. Avec la s\u00e9lection ghan\u00e9enne, Agogo [&hellip;]<\/p>\n","protected":false},"author":1787,"featured_media":0,"comment_status":"closed","ping_status":"closed","sticky":false,"template":"","format":"standard","meta":{"fifu_image_url":"","fifu_image_alt":"","footnotes":""},"categories":[78,54],"tags":[],"class_list":["post-58847","post","type-post","status-publish","format-standard","hentry","category-economie","category-maroc"],"_links":{"self":[{"href":"https:\/\/linitiative.ca\/International\/wp-json\/wp\/v2\/posts\/58847","targetHints":{"allow":["GET"]}}],"collection":[{"href":"https:\/\/linitiative.ca\/International\/wp-json\/wp\/v2\/posts"}],"about":[{"href":"https:\/\/linitiative.ca\/International\/wp-json\/wp\/v2\/types\/post"}],"author":[{"embeddable":true,"href":"https:\/\/linitiative.ca\/International\/wp-json\/wp\/v2\/users\/1787"}],"replies":[{"embeddable":true,"href":"https:\/\/linitiative.ca\/International\/wp-json\/wp\/v2\/comments?post=58847"}],"version-history":[{"count":0,"href":"https:\/\/linitiative.ca\/International\/wp-json\/wp\/v2\/posts\/58847\/revisions"}],"wp:attachment":[{"href":"https:\/\/linitiative.ca\/International\/wp-json\/wp\/v2\/media?parent=58847"}],"wp:term":[{"taxonomy":"category","embeddable":true,"href":"https:\/\/linitiative.ca\/International\/wp-json\/wp\/v2\/categories?post=58847"},{"taxonomy":"post_tag","embeddable":true,"href":"https:\/\/linitiative.ca\/International\/wp-json\/wp\/v2\/tags?post=58847"}],"curies":[{"name":"wp","href":"https:\/\/api.w.org\/{rel}","templated":true}]}}