{"id":58850,"date":"2019-08-22T13:42:50","date_gmt":"2019-08-22T17:42:50","guid":{"rendered":"https:\/\/linitiative.ca\/International\/tunisie-urgent-chahed-se-retire-et-delegue-ses-pouvoirs-a-kamel-morjane\/"},"modified":"2019-08-22T13:42:50","modified_gmt":"2019-08-22T17:42:50","slug":"tunisie-urgent-chahed-se-retire-et-delegue-ses-pouvoirs-a-kamel-morjane","status":"publish","type":"post","link":"https:\/\/linitiative.ca\/International\/tunisie-urgent-chahed-se-retire-et-delegue-ses-pouvoirs-a-kamel-morjane\/","title":{"rendered":"Tunisie \u2013 URGENT\u00a0: Chahed se retire et d\u00e9l\u00e8gue ses pouvoirs \u00e0 Kamel Morjane"},"content":{"rendered":"<div class=\"post-cont-in left relative\">\n<div class=\"swp_social_panel swp_horizontal_panel swp_flat_fresh swp_default_full_color swp_individual_full_color swp_other_full_color scale-100 scale-\" data-min-width=\"1100\" data-float-color=\"#ffffff\" data-float=\"none\" data-float-mobile=\"none\" data-transition=\"slide\">\n<div class=\"nc_tweetContainer swp_share_button total_shares total_sharesalt\"><span class=\"swp_count\">131 <span class=\"swp_label\">Partages<\/span><\/span><\/div>\n<\/div>\n<p>Le chef du gouvernement, Youssef Chahed a annonc\u00e9, il y a quelques instants, sa d\u00e9cision de d\u00e9l\u00e9guer ses pr\u00e9rogatives de chef du gouvernement au ministre de la Fonction Publique, Kamel Morjane.<\/p>\n<p>Chahed a expliqu\u00e9 cette d\u00e9cision par l\u2019impossibilit\u00e9 pour lui de d\u00e9missionner, ce qui aurait conduit \u00e0 la dissolution de tout le gouvernement. Chose inconcevable, a-t-il ajout\u00e9 \u00ab\u00a0Dans ce contexte difficile o\u00f9 une telle d\u00e9cision d\u00e9stabilisera le pays\u00a0\u00bb.<\/p>\n<div class=\"code-block code-block-1 c3\"><ins class=\"adsbygoogle c2\" data-ad-layout=\"in-article\" data-ad-format=\"fluid\" data-ad-client=\"ca-pub-2102118777505746\" data-ad-slot=\"7301775417\"\/> <\/div>\n<p>Monsieur Chahed a ajout\u00e9 que pour ne pas fausser les r\u00e9sultats du scrutin et pour clore le dossier des suppos\u00e9s abus de pouvoirs et exploitation des moyens de l\u2019Etat, il a d\u00e9cid\u00e9 \u00a0de d\u00e9l\u00e9guer ses pouvoirs \u00e0 Kamel Morjane, ministre de la Fonction Publique.<\/p>\n<p><strong>Que se passe-t-il en Tunisie?<\/strong><br \/>Nous expliquons sur notre <a href=\"https:\/\/www.youtube.com\/channel\/UCRzypVq0B_yBad5eGrwBx0Q?sub_confirmation=1\" target=\"_blank\" rel=\"noopener noreferrer\">cha\u00eene YouTube<\/a> . <a href=\"https:\/\/www.youtube.com\/channel\/UCRzypVq0B_yBad5eGrwBx0Q?sub_confirmation=1\" target=\"_blank\" rel=\"noopener noreferrer\">Abonnez-vous!<\/a><\/p>\n<div class=\"mvp-org-wrap mvp-org-logo\" itemprop=\"publisher\" itemscope=\"\" itemtype=\"https:\/\/schema.org\/Organization\">\n<p><img decoding=\"async\" src=\"https:\/\/www.tunisienumerique.com\/wp-content\/uploads\/2017\/02\/logo_tunisie_numerique.png\"\/><\/p>\n<\/div>\n<div class=\"swp_social_panel swp_horizontal_panel swp_flat_fresh swp_default_full_color swp_individual_full_color swp_other_full_color scale-100 scale-\" data-min-width=\"1100\" data-float-color=\"#ffffff\" data-float=\"none\" data-float-mobile=\"none\" data-transition=\"slide\">\n<div class=\"nc_tweetContainer swp_share_button total_shares total_sharesalt\"><span class=\"swp_count\">131 <span class=\"swp_label\">Partages<\/span><\/span><\/div>\n<\/div>\n<div class=\"mvp-related-posts left relative\">\n<h4 class=\"post-header\"><span class=\"post-header\">Lire aussi<\/span><\/h4>\n<\/div>\n<\/div>\n<p>Auteur: LM<br \/>\n<a href=\"https:\/\/www.tunisienumerique.com\/tunisie-urgent-chahed-se-retire-et-delegue-ses-pouvoirs-a-kamel-morjane\/\">Cliquez ici pour lire l&rsquo;article depuis sa source.<\/a><\/p>\n","protected":false},"excerpt":{"rendered":"<p>131 Partages Le chef du gouvernement, Youssef Chahed a annonc\u00e9, il y a quelques instants, sa d\u00e9cision de d\u00e9l\u00e9guer ses pr\u00e9rogatives de chef du gouvernement au ministre de la Fonction Publique, Kamel Morjane. Chahed a expliqu\u00e9 cette d\u00e9cision par l\u2019impossibilit\u00e9 pour lui de d\u00e9missionner, ce qui aurait conduit \u00e0 la dissolution de tout le gouvernement. [&hellip;]<\/p>\n","protected":false},"author":1789,"featured_media":58851,"comment_status":"closed","ping_status":"closed","sticky":false,"template":"","format":"standard","meta":{"fifu_image_url":"","fifu_image_alt":"","footnotes":""},"categories":[73,55],"tags":[],"class_list":["post-58850","post","type-post","status-publish","format-standard","has-post-thumbnail","hentry","category-actualite","category-tunisie"],"_links":{"self":[{"href":"https:\/\/linitiative.ca\/International\/wp-json\/wp\/v2\/posts\/58850","targetHints":{"allow":["GET"]}}],"collection":[{"href":"https:\/\/linitiative.ca\/International\/wp-json\/wp\/v2\/posts"}],"about":[{"href":"https:\/\/linitiative.ca\/International\/wp-json\/wp\/v2\/types\/post"}],"author":[{"embeddable":true,"href":"https:\/\/linitiative.ca\/International\/wp-json\/wp\/v2\/users\/1789"}],"replies":[{"embeddable":true,"href":"https:\/\/linitiative.ca\/International\/wp-json\/wp\/v2\/comments?post=58850"}],"version-history":[{"count":0,"href":"https:\/\/linitiative.ca\/International\/wp-json\/wp\/v2\/posts\/58850\/revisions"}],"wp:featuredmedia":[{"embeddable":true,"href":"https:\/\/linitiative.ca\/International\/wp-json\/"}],"wp:attachment":[{"href":"https:\/\/linitiative.ca\/International\/wp-json\/wp\/v2\/media?parent=58850"}],"wp:term":[{"taxonomy":"category","embeddable":true,"href":"https:\/\/linitiative.ca\/International\/wp-json\/wp\/v2\/categories?post=58850"},{"taxonomy":"post_tag","embeddable":true,"href":"https:\/\/linitiative.ca\/International\/wp-json\/wp\/v2\/tags?post=58850"}],"curies":[{"name":"wp","href":"https:\/\/api.w.org\/{rel}","templated":true}]}}