{"id":58852,"date":"2019-08-22T13:56:06","date_gmt":"2019-08-22T17:56:06","guid":{"rendered":"https:\/\/linitiative.ca\/International\/tunisie-abdelkarim-zebidi-presente-son-equipe-de-campagne-electorale\/"},"modified":"2019-08-22T13:56:06","modified_gmt":"2019-08-22T17:56:06","slug":"tunisie-abdelkarim-zebidi-presente-son-equipe-de-campagne-electorale","status":"publish","type":"post","link":"https:\/\/linitiative.ca\/International\/tunisie-abdelkarim-zebidi-presente-son-equipe-de-campagne-electorale\/","title":{"rendered":"Tunisie \u2013 Abdelkarim Zebidi pr\u00e9sente son \u00e9quipe de campagne \u00e9lectorale"},"content":{"rendered":"<div class=\"post-cont-in left relative\">\n<div class=\"swp_social_panel swp_horizontal_panel swp_flat_fresh swp_default_full_color swp_individual_full_color swp_other_full_color scale-100 scale-\" data-min-width=\"1100\" data-float-color=\"#ffffff\" data-float=\"none\" data-float-mobile=\"none\" data-transition=\"slide\">\n<div class=\"nc_tweetContainer swp_share_button total_shares total_sharesalt\"><span class=\"swp_count\">16 <span class=\"swp_label\">Partages<\/span><\/span><\/div>\n<\/div>\n<p>Directeur de la campagne\u00a0: Faouzi Abderrahmen;<\/p>\n<p>Coordinateur g\u00e9n\u00e9ral de la campagne\u00a0: Khaled Kaddour;<\/p>\n<div class=\"code-block code-block-1 c3\"><ins class=\"adsbygoogle c2\" data-ad-layout=\"in-article\" data-ad-format=\"fluid\" data-ad-client=\"ca-pub-2102118777505746\" data-ad-slot=\"7301775417\"\/> <\/div>\n<p>Directeur du bureau de Zebidi\u00a0: Hamed Mbarek;<\/p>\n<p>Directeur administratif de la campagne\u00a0: Fakher Gafsi;<\/p>\n<p>Attach\u00e9 de presse de la campagne\u00a0: Sahar Mechri;<\/p>\n<p>Charg\u00e9 de communication\u00a0: Ines Oueslati;<\/p>\n<p>Charg\u00e9 des relations publiques\u00a0: Hsan Baklouti;<\/p>\n<p>Portes paroles de la campagne\u00a0: Sana Ghenima, Mohamed Hdaya Bennani;<\/p>\n<p>Les coordinateurs nationaux avec les r\u00e9gions et l\u2019\u00e9tranger\u00a0: Ali Trabelsi, Mahdi Zaoui, Faycel Mbarki.<\/p>\n<p>Les repr\u00e9sentants de partis et des listes ind\u00e9pendantes de soutien\u00a0:<\/p>\n<div class=\"code-block code-block-2 c3\"><ins class=\"adsbygoogle c2\" data-ad-layout=\"in-article\" data-ad-format=\"fluid\" data-ad-client=\"ca-pub-2102118777505746\" data-ad-slot=\"7301775417\"\/> <\/div>\n<p>Rim\u00a0 Mahjoub;<\/p>\n<p>Walid Sfar;<\/p>\n<p>Mohamed Chakroun;<\/p>\n<p>Khaled Chouket;<\/p>\n<p>Chaker Ayadi;<\/p>\n<p>Ines Ben Nasr;<\/p>\n<p>Wafa Makhlouf;<\/p>\n<p>Zohra Ben Nasr;<\/p>\n<p>Faycel Tebbini;<\/p>\n<p>Sarhane Nasri;<\/p>\n<p>Salma Zena\u00efdi.<\/p>\n<p><strong>Que se passe-t-il en Tunisie?<\/strong><br \/>Nous expliquons sur notre <a href=\"https:\/\/www.youtube.com\/channel\/UCRzypVq0B_yBad5eGrwBx0Q?sub_confirmation=1\" target=\"_blank\" rel=\"noopener noreferrer\">cha\u00eene YouTube<\/a> . <a href=\"https:\/\/www.youtube.com\/channel\/UCRzypVq0B_yBad5eGrwBx0Q?sub_confirmation=1\" target=\"_blank\" rel=\"noopener noreferrer\">Abonnez-vous!<\/a><\/p>\n<div class=\"mvp-org-wrap mvp-org-logo\" itemprop=\"publisher\" itemscope=\"\" itemtype=\"https:\/\/schema.org\/Organization\">\n<p><img decoding=\"async\" src=\"https:\/\/www.tunisienumerique.com\/wp-content\/uploads\/2017\/02\/logo_tunisie_numerique.png\"\/><\/p>\n<\/div>\n<div class=\"swp_social_panel swp_horizontal_panel swp_flat_fresh swp_default_full_color swp_individual_full_color swp_other_full_color scale-100 scale-\" data-min-width=\"1100\" data-float-color=\"#ffffff\" data-float=\"none\" data-float-mobile=\"none\" data-transition=\"slide\">\n<div class=\"nc_tweetContainer swp_share_button total_shares total_sharesalt\"><span class=\"swp_count\">16 <span class=\"swp_label\">Partages<\/span><\/span><\/div>\n<\/div>\n<div class=\"mvp-related-posts left relative\">\n<h4 class=\"post-header\"><span class=\"post-header\">Lire aussi<\/span><\/h4>\n<\/div>\n<\/div>\n<p>Auteur: LM<br \/>\n<a href=\"https:\/\/www.tunisienumerique.com\/tunisie-abdelkarim-zebidi-presente-son-equipe-de-campagne-electorale\/\">Cliquez ici pour lire l&rsquo;article depuis sa source.<\/a><\/p>\n","protected":false},"excerpt":{"rendered":"<p>16 Partages Directeur de la campagne\u00a0: Faouzi Abderrahmen; Coordinateur g\u00e9n\u00e9ral de la campagne\u00a0: Khaled Kaddour; Directeur du bureau de Zebidi\u00a0: Hamed Mbarek; Directeur administratif de la campagne\u00a0: Fakher Gafsi; Attach\u00e9 de presse de la campagne\u00a0: Sahar Mechri; Charg\u00e9 de communication\u00a0: Ines Oueslati; Charg\u00e9 des relations publiques\u00a0: Hsan Baklouti; Portes paroles de la campagne\u00a0: Sana Ghenima, [&hellip;]<\/p>\n","protected":false},"author":1789,"featured_media":58853,"comment_status":"closed","ping_status":"closed","sticky":false,"template":"","format":"standard","meta":{"fifu_image_url":"","fifu_image_alt":"","footnotes":""},"categories":[73,55],"tags":[],"class_list":["post-58852","post","type-post","status-publish","format-standard","has-post-thumbnail","hentry","category-actualite","category-tunisie"],"_links":{"self":[{"href":"https:\/\/linitiative.ca\/International\/wp-json\/wp\/v2\/posts\/58852","targetHints":{"allow":["GET"]}}],"collection":[{"href":"https:\/\/linitiative.ca\/International\/wp-json\/wp\/v2\/posts"}],"about":[{"href":"https:\/\/linitiative.ca\/International\/wp-json\/wp\/v2\/types\/post"}],"author":[{"embeddable":true,"href":"https:\/\/linitiative.ca\/International\/wp-json\/wp\/v2\/users\/1789"}],"replies":[{"embeddable":true,"href":"https:\/\/linitiative.ca\/International\/wp-json\/wp\/v2\/comments?post=58852"}],"version-history":[{"count":0,"href":"https:\/\/linitiative.ca\/International\/wp-json\/wp\/v2\/posts\/58852\/revisions"}],"wp:featuredmedia":[{"embeddable":true,"href":"https:\/\/linitiative.ca\/International\/wp-json\/"}],"wp:attachment":[{"href":"https:\/\/linitiative.ca\/International\/wp-json\/wp\/v2\/media?parent=58852"}],"wp:term":[{"taxonomy":"category","embeddable":true,"href":"https:\/\/linitiative.ca\/International\/wp-json\/wp\/v2\/categories?post=58852"},{"taxonomy":"post_tag","embeddable":true,"href":"https:\/\/linitiative.ca\/International\/wp-json\/wp\/v2\/tags?post=58852"}],"curies":[{"name":"wp","href":"https:\/\/api.w.org\/{rel}","templated":true}]}}