{"id":58854,"date":"2019-08-22T14:10:33","date_gmt":"2019-08-22T18:10:33","guid":{"rendered":"https:\/\/linitiative.ca\/International\/tunisie-faycel-tebbini-avertit-mourou-et-ce-dernier-riposte\/"},"modified":"2019-08-22T14:10:33","modified_gmt":"2019-08-22T18:10:33","slug":"tunisie-faycel-tebbini-avertit-mourou-et-ce-dernier-riposte","status":"publish","type":"post","link":"https:\/\/linitiative.ca\/International\/tunisie-faycel-tebbini-avertit-mourou-et-ce-dernier-riposte\/","title":{"rendered":"Tunisie \u2013 Faycel Tebbini avertit Mourou et ce dernier riposte"},"content":{"rendered":"<div class=\"post-cont-in left relative\">\n<div class=\"swp_social_panel swp_horizontal_panel swp_flat_fresh swp_default_full_color swp_individual_full_color swp_other_full_color scale-100 scale-\" data-min-width=\"1100\" data-float-color=\"#ffffff\" data-float=\"none\" data-float-mobile=\"none\" data-transition=\"slide\">\n<div class=\"nc_tweetContainer swp_share_button total_shares total_sharesalt\"><span class=\"swp_count\">23 <span class=\"swp_label\">Partages<\/span><\/span><\/div>\n<\/div>\n<p>Le d\u00e9put\u00e9 Faycel Tebbini a averti, ce jeudi, au d\u00e9but de la pl\u00e9ni\u00e8re consacr\u00e9e \u00e0 la ratification de la loi \u00e9lectorale, le pr\u00e9sident de l\u2019ARP par int\u00e9rim Abdelfattah Mourou, de la possibilit\u00e9 d\u2019un conflit d\u2019int\u00e9r\u00eat, vu que le pr\u00e9sident de la s\u00e9ance est, lui-m\u00eame, engag\u00e9 dans ces \u00e9lections.<\/p>\n<p>Ce \u00e0 quoi, Abdelfattah Mourou, a r\u00e9pondu qu\u2019il remplissait son devoir constitutionnel et pour \u00e9viter toute interpr\u00e9tation, il a promis de pr\u00e9sider la s\u00e9ance sans intervenir.<\/p>\n<div class=\"code-block code-block-1 c3\"><ins class=\"adsbygoogle c2\" data-ad-layout=\"in-article\" data-ad-format=\"fluid\" data-ad-client=\"ca-pub-2102118777505746\" data-ad-slot=\"7301775417\"\/> <\/div>\n<p><strong>Que se passe-t-il en Tunisie?<\/strong><br \/>Nous expliquons sur notre <a href=\"https:\/\/www.youtube.com\/channel\/UCRzypVq0B_yBad5eGrwBx0Q?sub_confirmation=1\" target=\"_blank\" rel=\"noopener noreferrer\">cha\u00eene YouTube<\/a> . <a href=\"https:\/\/www.youtube.com\/channel\/UCRzypVq0B_yBad5eGrwBx0Q?sub_confirmation=1\" target=\"_blank\" rel=\"noopener noreferrer\">Abonnez-vous!<\/a><\/p>\n<div class=\"mvp-org-wrap mvp-org-logo\" itemprop=\"publisher\" itemscope=\"\" itemtype=\"https:\/\/schema.org\/Organization\">\n<p><img decoding=\"async\" src=\"https:\/\/www.tunisienumerique.com\/wp-content\/uploads\/2017\/02\/logo_tunisie_numerique.png\"\/><\/p>\n<\/div>\n<div class=\"swp_social_panel swp_horizontal_panel swp_flat_fresh swp_default_full_color swp_individual_full_color swp_other_full_color scale-100 scale-\" data-min-width=\"1100\" data-float-color=\"#ffffff\" data-float=\"none\" data-float-mobile=\"none\" data-transition=\"slide\">\n<div class=\"nc_tweetContainer swp_share_button total_shares total_sharesalt\"><span class=\"swp_count\">23 <span class=\"swp_label\">Partages<\/span><\/span><\/div>\n<\/div>\n<div class=\"mvp-related-posts left relative\">\n<h4 class=\"post-header\"><span class=\"post-header\">Lire aussi<\/span><\/h4>\n<\/div>\n<\/div>\n<p>Auteur: LM<br \/>\n<a href=\"https:\/\/www.tunisienumerique.com\/tunisie-faycel-tebbini-avertit-mourou-et-ce-dernier-riposte\/\">Cliquez ici pour lire l&rsquo;article depuis sa source.<\/a><\/p>\n","protected":false},"excerpt":{"rendered":"<p>23 Partages Le d\u00e9put\u00e9 Faycel Tebbini a averti, ce jeudi, au d\u00e9but de la pl\u00e9ni\u00e8re consacr\u00e9e \u00e0 la ratification de la loi \u00e9lectorale, le pr\u00e9sident de l\u2019ARP par int\u00e9rim Abdelfattah Mourou, de la possibilit\u00e9 d\u2019un conflit d\u2019int\u00e9r\u00eat, vu que le pr\u00e9sident de la s\u00e9ance est, lui-m\u00eame, engag\u00e9 dans ces \u00e9lections. Ce \u00e0 quoi, Abdelfattah Mourou, [&hellip;]<\/p>\n","protected":false},"author":1789,"featured_media":58855,"comment_status":"closed","ping_status":"closed","sticky":false,"template":"","format":"standard","meta":{"fifu_image_url":"","fifu_image_alt":"","footnotes":""},"categories":[73,55],"tags":[],"class_list":["post-58854","post","type-post","status-publish","format-standard","has-post-thumbnail","hentry","category-actualite","category-tunisie"],"_links":{"self":[{"href":"https:\/\/linitiative.ca\/International\/wp-json\/wp\/v2\/posts\/58854","targetHints":{"allow":["GET"]}}],"collection":[{"href":"https:\/\/linitiative.ca\/International\/wp-json\/wp\/v2\/posts"}],"about":[{"href":"https:\/\/linitiative.ca\/International\/wp-json\/wp\/v2\/types\/post"}],"author":[{"embeddable":true,"href":"https:\/\/linitiative.ca\/International\/wp-json\/wp\/v2\/users\/1789"}],"replies":[{"embeddable":true,"href":"https:\/\/linitiative.ca\/International\/wp-json\/wp\/v2\/comments?post=58854"}],"version-history":[{"count":0,"href":"https:\/\/linitiative.ca\/International\/wp-json\/wp\/v2\/posts\/58854\/revisions"}],"wp:featuredmedia":[{"embeddable":true,"href":"https:\/\/linitiative.ca\/International\/wp-json\/"}],"wp:attachment":[{"href":"https:\/\/linitiative.ca\/International\/wp-json\/wp\/v2\/media?parent=58854"}],"wp:term":[{"taxonomy":"category","embeddable":true,"href":"https:\/\/linitiative.ca\/International\/wp-json\/wp\/v2\/categories?post=58854"},{"taxonomy":"post_tag","embeddable":true,"href":"https:\/\/linitiative.ca\/International\/wp-json\/wp\/v2\/tags?post=58854"}],"curies":[{"name":"wp","href":"https:\/\/api.w.org\/{rel}","templated":true}]}}