{"id":58856,"date":"2019-08-22T16:02:13","date_gmt":"2019-08-22T20:02:13","guid":{"rendered":"https:\/\/linitiative.ca\/International\/deces-dune-hotesse-de-lair-tunisienne-a-riyad\/"},"modified":"2019-08-22T16:02:13","modified_gmt":"2019-08-22T20:02:13","slug":"deces-dune-hotesse-de-lair-tunisienne-a-riyad","status":"publish","type":"post","link":"https:\/\/linitiative.ca\/International\/deces-dune-hotesse-de-lair-tunisienne-a-riyad\/","title":{"rendered":"D\u00e9c\u00e8s d\u2019une h\u00f4tesse de l\u2019air tunisienne \u00e0 Riyad"},"content":{"rendered":"<div class=\"post-cont-in left relative\">\n<div class=\"swp_social_panel swp_horizontal_panel swp_flat_fresh swp_default_full_color swp_individual_full_color swp_other_full_color scale-100 scale-\" data-min-width=\"1100\" data-float-color=\"#ffffff\" data-float=\"none\" data-float-mobile=\"none\" data-transition=\"slide\">\n<div class=\"nc_tweetContainer swp_share_button total_shares total_sharesalt\"><span class=\"swp_count\">12 <span class=\"swp_label\">Partages<\/span><\/span><\/div>\n<\/div>\n<p>Un bus transportant des h\u00f4tesses de l\u2019air, travaillant pour le compte de la compagnie a\u00e9rienne saoudienne, a eu un accident, la nuit derni\u00e8re, alors qu\u2019il assurait une navette entre Riyad et l\u2019a\u00e9roport de la ville.<\/p>\n<p>Une des h\u00f4tesses qui \u00e9taient \u00e0 bord est d\u00e9c\u00e9d\u00e9e sur le coup, alors que d\u2019autres ont \u00e9t\u00e9 plus ou moins gravement bless\u00e9es.<\/p>\n<div class=\"code-block code-block-1 c3\"><ins class=\"adsbygoogle c2\" data-ad-layout=\"in-article\" data-ad-format=\"fluid\" data-ad-client=\"ca-pub-2102118777505746\" data-ad-slot=\"7301775417\"\/> <\/div>\n<p>L\u2019h\u00f4tesse d\u00e9c\u00e9d\u00e9e \u00e9tait de nationalit\u00e9 tunisienne et originaire de K\u00e9bili, selon les premi\u00e8res informations.<br \/><iframe loading=\"lazy\" src=\"https:\/\/www.youtube.com\/embed\/9_5chLi4zuQ\" width=\"560\" height=\"315\" frameborder=\"0\" allowfullscreen=\"allowfullscreen\">[embedded content]<\/iframe><\/p>\n<p><strong>Que se passe-t-il en Tunisie?<\/strong><br \/>Nous expliquons sur notre <a href=\"https:\/\/www.youtube.com\/channel\/UCRzypVq0B_yBad5eGrwBx0Q?sub_confirmation=1\" target=\"_blank\" rel=\"noopener noreferrer\">cha\u00eene YouTube<\/a> . <a href=\"https:\/\/www.youtube.com\/channel\/UCRzypVq0B_yBad5eGrwBx0Q?sub_confirmation=1\" target=\"_blank\" rel=\"noopener noreferrer\">Abonnez-vous!<\/a><\/p>\n<div class=\"mvp-org-wrap mvp-org-logo\" itemprop=\"publisher\" itemscope=\"\" itemtype=\"https:\/\/schema.org\/Organization\">\n<p><img decoding=\"async\" src=\"https:\/\/www.tunisienumerique.com\/wp-content\/uploads\/2017\/02\/logo_tunisie_numerique.png\"\/><\/p>\n<\/div>\n<div class=\"swp_social_panel swp_horizontal_panel swp_flat_fresh swp_default_full_color swp_individual_full_color swp_other_full_color scale-100 scale-\" data-min-width=\"1100\" data-float-color=\"#ffffff\" data-float=\"none\" data-float-mobile=\"none\" data-transition=\"slide\">\n<div class=\"nc_tweetContainer swp_share_button total_shares total_sharesalt\"><span class=\"swp_count\">12 <span class=\"swp_label\">Partages<\/span><\/span><\/div>\n<\/div>\n<div class=\"mvp-related-posts left relative\">\n<h4 class=\"post-header\"><span class=\"post-header\">Lire aussi<\/span><\/h4>\n<\/div>\n<\/div>\n<p>Auteur: LM<br \/>\n<a href=\"https:\/\/www.tunisienumerique.com\/deces-dune-hotesse-de-lair-tunisienne-a-riyad\/\">Cliquez ici pour lire l&rsquo;article depuis sa source.<\/a><\/p>\n","protected":false},"excerpt":{"rendered":"<p>12 Partages Un bus transportant des h\u00f4tesses de l\u2019air, travaillant pour le compte de la compagnie a\u00e9rienne saoudienne, a eu un accident, la nuit derni\u00e8re, alors qu\u2019il assurait une navette entre Riyad et l\u2019a\u00e9roport de la ville. Une des h\u00f4tesses qui \u00e9taient \u00e0 bord est d\u00e9c\u00e9d\u00e9e sur le coup, alors que d\u2019autres ont \u00e9t\u00e9 plus [&hellip;]<\/p>\n","protected":false},"author":1789,"featured_media":58857,"comment_status":"closed","ping_status":"closed","sticky":false,"template":"","format":"standard","meta":{"fifu_image_url":"","fifu_image_alt":"","footnotes":""},"categories":[73,55],"tags":[],"class_list":["post-58856","post","type-post","status-publish","format-standard","has-post-thumbnail","hentry","category-actualite","category-tunisie"],"_links":{"self":[{"href":"https:\/\/linitiative.ca\/International\/wp-json\/wp\/v2\/posts\/58856","targetHints":{"allow":["GET"]}}],"collection":[{"href":"https:\/\/linitiative.ca\/International\/wp-json\/wp\/v2\/posts"}],"about":[{"href":"https:\/\/linitiative.ca\/International\/wp-json\/wp\/v2\/types\/post"}],"author":[{"embeddable":true,"href":"https:\/\/linitiative.ca\/International\/wp-json\/wp\/v2\/users\/1789"}],"replies":[{"embeddable":true,"href":"https:\/\/linitiative.ca\/International\/wp-json\/wp\/v2\/comments?post=58856"}],"version-history":[{"count":0,"href":"https:\/\/linitiative.ca\/International\/wp-json\/wp\/v2\/posts\/58856\/revisions"}],"wp:featuredmedia":[{"embeddable":true,"href":"https:\/\/linitiative.ca\/International\/wp-json\/"}],"wp:attachment":[{"href":"https:\/\/linitiative.ca\/International\/wp-json\/wp\/v2\/media?parent=58856"}],"wp:term":[{"taxonomy":"category","embeddable":true,"href":"https:\/\/linitiative.ca\/International\/wp-json\/wp\/v2\/categories?post=58856"},{"taxonomy":"post_tag","embeddable":true,"href":"https:\/\/linitiative.ca\/International\/wp-json\/wp\/v2\/tags?post=58856"}],"curies":[{"name":"wp","href":"https:\/\/api.w.org\/{rel}","templated":true}]}}