{"id":58860,"date":"2019-08-22T16:59:06","date_gmt":"2019-08-22T20:59:06","guid":{"rendered":"https:\/\/linitiative.ca\/International\/modernisation-des-titres-de-transportles-petits-calculs-du-gouvernement\/"},"modified":"2019-08-22T16:59:06","modified_gmt":"2019-08-22T20:59:06","slug":"modernisation-des-titres-de-transportles-petits-calculs-du-gouvernement","status":"publish","type":"post","link":"https:\/\/linitiative.ca\/International\/modernisation-des-titres-de-transportles-petits-calculs-du-gouvernement\/","title":{"rendered":"MODERNISATION DES TITRES DE TRANSPORT:Les petits calculs du gouvernement"},"content":{"rendered":"<div class=\"stream-item stream-item-above-post-content\">\n<p><noscript><\/p>\n<p><a href=\"\/\/www3.smartadserver.com\/ac?jump=1&#038;nwid=2136&#038;siteid=240610&#038;pgname=rg&#038;fmtid=49046&#038;visit=m&#038;tmstp=[timestamp]&#038;out=nonrich\" target=\"_blank\" rel=\"noopener noreferrer\"><img decoding=\"async\" src=\"\/\/www3.smartadserver.com\/ac?out=nonrich&#038;nwid=2136&#038;siteid=240610&#038;pgname=rg&#038;fmtid=49046&#038;visit=m&#038;tmstp=[timestamp]\" border=\"0\" alt=\"\"\/><\/a><\/p>\n<p><\/noscript><\/div>\n<p class=\"c3\">Depuis quelque temps, je voyais, dans la circulation, des v\u00e9hicules ou motos fond jaune. Ce qui est inhabituel puisque jusque-l\u00e0, je ne connaissais que les \u00ab\u00a0<em>fond\u00a0<\/em>\u00bb blanc, rouge, bleu et vert. Le jaune me paraissait totalement nouveau si fait que je me perdais en conjectures. Mais le 14 ao\u00fbt dernier, le ministre des Transports, de la mobilit\u00e9 urbaine et de la s\u00e9curit\u00e9 routi\u00e8re, Vincent Dabilgou, a \u00e9clair\u00e9 ma lanterne, en apprenant \u00e0 moi et \u00e0 beaucoup d\u2019autres Burkinab\u00e8, qu\u2019il s\u2019agit de nouvelles plaques d\u2019immatriculation.<\/p>\n<p class=\"c3\">Autrement dit, il s\u2019agit d\u2019une modernisation des titres de transport, qui a engendr\u00e9 la mise en circulation de nouvelles cartes grises et le changement de plaques d\u2019immatriculation. A en croire le ministre, cette op\u00e9ration permettra de lutter contre la fraude et l\u2019ins\u00e9curit\u00e9. Ce qui n\u2019est pas faux quand on sait que les anciennes cartes grises et les anciens permis de conduire, faisaient l\u2019objet de contrefa\u00e7on et de falsification. Si fait que par moments, vous pouvez, en circulation, voir une moto ou un v\u00e9hicule qui porte le m\u00eame num\u00e9ro d\u2019immatriculation que le v\u00f4tre. Voyez-vous\u00a0?\u00a0 Sur ce plan, je pense que le gouvernement a vu juste en proc\u00e9dant \u00e0 un assainissement de la base de donn\u00e9es des engins motoris\u00e9s. Car, avant tout, cela entra\u00eenait une \u00e9vasion des recettes fiscales.<\/p>\n<p class=\"c3\">Cela dit, je suis aussi d\u2019accord avec le gouvernement lorsque, pour lutter contre la fraude et de nombreuses irr\u00e9gularit\u00e9s, il annonce d\u2019autres innovations touchant aux auto-\u00e9coles. Il est question d\u2019un logiciel qui sera mis \u00e0 la disposition des apprenants et qui sera directement rattach\u00e9 au minist\u00e8re des Transports.<\/p>\n<p class=\"c3\"><strong>L\u2019op\u00e9ration ne permettra plus de reconna\u00eetre mes parents en circulation<\/strong><\/p>\n<p class=\"c3\">Cela est d\u2019autant plus n\u00e9cessaire que la plupart de nos auto-\u00e9coles sont devenues des centres d\u2019affaires o\u00f9 la recherche du gain a pris le pas sur l\u2019essentiel qui est de former les gens \u00e0 la conduite. Pour toutes ces raisons invoqu\u00e9es, je tire mon chapeau aux autorit\u00e9s qui, dans ce contexte d\u2019ins\u00e9curit\u00e9 g\u00e9n\u00e9ralis\u00e9, ont d\u00e9cid\u00e9 de faire dans la pr\u00e9vention. C\u2019est tout \u00e0 leur honneur. Seulement, ce que le gouvernement ne dit pas et se refuse \u00e0 dire, c\u2019est que cette op\u00e9ration de mise en circulation de nouvelles cartes grises et de plaques d\u2019immatriculation, est aussi une trouvaille qui va lui permettre d\u2019\u00e9largir l\u2019assiette fiscale. Il refuse de le reconna\u00eetre, mais on sait que derri\u00e8re tout \u00e7a se cachent de petits calculs politiciens.<\/p>\n<p class=\"c3\">La preuve est que m\u00eame ceux qui ont d\u00e9j\u00e0 des v\u00e9hicules et motos immatricul\u00e9s, vont encore mettre la main \u00e0 la poche. Et ils ont jusqu\u2019en 2023 pour s\u2019ex\u00e9cuter. Pour autant que le gouvernement soit sinc\u00e8re et veuille prouver \u00e0 l\u2019opinion que son souci n\u2019est pas de rechercher de l\u2019argent, il pouvait demander \u00e0 ces derniers de ne plus rien payer \u00e9tant donn\u00e9 qu\u2019ils sont d\u00e9j\u00e0 \u00e0 jour. L\u2019autre aspect li\u00e9 \u00e0 cette op\u00e9ration que je peux relever, c\u2019est qu\u2019elle ne permettra plus de reconna\u00eetre mes parents en circulation. Je le dis parce que les anciennes plaques d\u2019immatriculation avaient cela de particulier qu\u2019elles portaient des chiffres suivant le classement par ordre alphab\u00e9tique, de nos provinces si fait que tr\u00e8s facilement, on pouvait reconna\u00eetre qui vient d\u2019o\u00f9. Ce n\u2019\u00e9tait pas aussi mauvais que cela. Mais maintenant que les choses se feront par r\u00e9gion, ce n\u2019est plus \u00e9vident.<\/p>\n<p class=\"c3\"><strong>\u00a0<\/strong><\/p>\n<p class=\"c3\"><strong><em>\u00ab\u00a0Le Fou\u00a0\u00bb<\/em><\/strong><\/p>\n<p>Auteur: Le Pays<br \/>\n<a href=\"http:\/\/lepays.bf\/modernisation-des-titres-de-transportles-petits-calculs-du-gouvernement\/\">Cliquez ici pour lire l&rsquo;article depuis sa source.<\/a><\/p>\n","protected":false},"excerpt":{"rendered":"<p>Depuis quelque temps, je voyais, dans la circulation, des v\u00e9hicules ou motos fond jaune. Ce qui est inhabituel puisque jusque-l\u00e0, je ne connaissais que les \u00ab\u00a0fond\u00a0\u00bb blanc, rouge, bleu et vert. Le jaune me paraissait totalement nouveau si fait que je me perdais en conjectures. Mais le 14 ao\u00fbt dernier, le ministre des Transports, de [&hellip;]<\/p>\n","protected":false},"author":1813,"featured_media":0,"comment_status":"closed","ping_status":"closed","sticky":false,"template":"","format":"standard","meta":{"fifu_image_url":"","fifu_image_alt":"","footnotes":""},"categories":[73,81],"tags":[],"class_list":["post-58860","post","type-post","status-publish","format-standard","hentry","category-actualite","category-burkina-faso"],"_links":{"self":[{"href":"https:\/\/linitiative.ca\/International\/wp-json\/wp\/v2\/posts\/58860","targetHints":{"allow":["GET"]}}],"collection":[{"href":"https:\/\/linitiative.ca\/International\/wp-json\/wp\/v2\/posts"}],"about":[{"href":"https:\/\/linitiative.ca\/International\/wp-json\/wp\/v2\/types\/post"}],"author":[{"embeddable":true,"href":"https:\/\/linitiative.ca\/International\/wp-json\/wp\/v2\/users\/1813"}],"replies":[{"embeddable":true,"href":"https:\/\/linitiative.ca\/International\/wp-json\/wp\/v2\/comments?post=58860"}],"version-history":[{"count":0,"href":"https:\/\/linitiative.ca\/International\/wp-json\/wp\/v2\/posts\/58860\/revisions"}],"wp:attachment":[{"href":"https:\/\/linitiative.ca\/International\/wp-json\/wp\/v2\/media?parent=58860"}],"wp:term":[{"taxonomy":"category","embeddable":true,"href":"https:\/\/linitiative.ca\/International\/wp-json\/wp\/v2\/categories?post=58860"},{"taxonomy":"post_tag","embeddable":true,"href":"https:\/\/linitiative.ca\/International\/wp-json\/wp\/v2\/tags?post=58860"}],"curies":[{"name":"wp","href":"https:\/\/api.w.org\/{rel}","templated":true}]}}