{"id":58875,"date":"2019-08-22T14:07:04","date_gmt":"2019-08-22T18:07:04","guid":{"rendered":"https:\/\/linitiative.ca\/International\/declarations-statistiques-et-fiscales-delai-de-transmission-des-dossiers-reporte-au-15-septembre\/"},"modified":"2019-08-22T14:07:04","modified_gmt":"2019-08-22T18:07:04","slug":"declarations-statistiques-et-fiscales-delai-de-transmission-des-dossiers-reporte-au-15-septembre","status":"publish","type":"post","link":"https:\/\/linitiative.ca\/International\/declarations-statistiques-et-fiscales-delai-de-transmission-des-dossiers-reporte-au-15-septembre\/","title":{"rendered":"D\u00e9clarations statistiques et fiscales : d\u00e9lai de transmission des dossiers report\u00e9 au 15 septembre"},"content":{"rendered":"<p>La Direction g\u00e9n\u00e9rale des imp\u00f4ts avance en reculant. . Apr\u00e8s les deux premiers reports des <strong>D\u00e9clarations statistiques et fiscales<\/strong> (Dsf) au titre de l\u2019exercice 2018 soit le premier en juin et le second en ao\u00fbt, la <strong>Direction G\u00e9n\u00e9rale des Imp\u00f4ts<\/strong> (Dgi) a annonc\u00e9, le 14 ao\u00fbt dernier, que \u00ab <em>la date du 15 ao\u00fbt 2019, date du deuxi\u00e8me report, a \u00e9t\u00e9 renvoy\u00e9e au 15 septembre 2019<\/em> \u00bb. Un 3e report qui a, \u00e0 n\u2019en point douter, agac\u00e9 plus d\u2019un. \u00ab <em>D\u00e9j\u00e0 03 reports. Je crois que la DGI est en train de s\u2019amuser<\/em> \u00bb, tance un chef d\u2019entreprise.<\/p>\n<p>Comment en est-on arriv\u00e9 \u00e0 une telle situation ? Un expert ayant requis l\u2019anonymat explique que, \u00ab <em>cette situation est due \u00e0 deux facteurs fondamentaux. Le premier facteur est bel et bien l\u2019entr\u00e9e en jeu de la t\u00e9l\u00e9d\u00e9claration depuis cette ann\u00e9e. Plusieurs contribuables ne comprennent toujours pas le principe des D\u00e9clarations statistiques et fiscales sur internet. Du coup, ils pr\u00e9f\u00e8rent ne pas agir, de peur de mal faire. Le deuxi\u00e8me facteur est relatif \u00e0 l\u2019entr\u00e9e en vigueur au Cameroun du syst\u00e8me comptable Ohada de 2017. Celui-ci est soumis \u00e0 un texte d\u2019application. Or, en date du 15 ao\u00fbt 2019, les fichiers de d\u00e9claration relatifs \u00e0 cette application n\u2019\u00e9taient pas encore disponibles. Voil\u00e0 qui a justifi\u00e9 ce 3e report<\/em> \u00bb, explique ce dernier.<\/p>\n<p>A la DGI, d\u00e9voile une source fiable, l\u2019on travaille d\u00e9j\u00e0 d\u2019arrache-pied pour \u00e9viter un 4e report. Normal, car la non existence des Dsf a des r\u00e9percutions hautement n\u00e9gatives sur la sant\u00e9 \u00e9conomique de l\u2019Etat. A en croire <strong>Serge Makon,<\/strong> un fiscaliste, \u00ab <em>aucun Etat s\u00e9rieux ne peut fonctionner sans l\u2019existence de ce document. Puisque, c\u2019est \u00e0 partir des Dsf que l\u2019Etat pr\u00e9pare les budgets pour les entreprises publiques, c\u2019est \u00e0 partir de ce document \u00e9galement que l\u2019Etat peut \u00e9valuer l\u2019imp\u00f4t sur le revenu et la Tva, les droits d\u2019assises, etc.<\/em> Et <em>tout le monde connait la place de choix qu\u2019occupe ces recettes dans le budget de l\u2019Eta<\/em>t \u00bb. Astuce qui a pouss\u00e9 ce dernier \u00e0 dire que, \u00ab <em>de ce fait, les informations relatives \u00e0 l\u2019ex\u00e9cution du budget de 2019 qui ont \u00e9t\u00e9 publi\u00e9es par le gouvernement ne sont donc pas exactes<\/em> \u00bb.<\/p>\n<p>Ainsi, des s\u00e9ances de formation seront organis\u00e9es par la Dgi, du 20 au 31 ao\u00fbt 2019, \u00e0 l\u2019effet de palier aux manquements sus-\u00e9voqu\u00e9s. \u00ab <em>Des s\u00e9ances de formation \u00e0 l\u2019utilisation de la plateforme t\u00e9l\u00e9d\u00e9claration des Dsf seront organis\u00e9es du 20 au 31 ao\u00fbt 2019 au b\u00e9n\u00e9fices de tous les contribuables\u2026<\/em> \u00bb, a communiqu\u00e9 la Direction G\u00e9n\u00e9rale des Imp\u00f4ts.<\/p>\n<div class=\"about-author about-author-box container-wrapper\">\n<div class=\"author-avatar\">\n<p><img decoding=\"async\" src=\"http:\/\/\" alt=\"\"\/><\/p>\n<\/div>\n<p><h4>La R\u00e9daction EcoMatin<\/h4>\n<\/p>\n<\/div>\n<div class=\"awac-wrapper awac widget blog_subscription-2\">\n<h4 class=\"widget-title\">Abonnez-vous \u00e0 notre lettre d&rsquo;information<\/h4>\n<\/div>\n<p>Auteur: EcoMatin<br \/>\n<a href=\"https:\/\/ecomatin.net\/declarations-statistiques-et-fiscales-delai-de-transmission-des-dossiers-fixee-au-15-septembre\/\">Cliquez ici pour lire l&rsquo;article depuis sa source.<\/a><\/p>\n","protected":false},"excerpt":{"rendered":"<p>La Direction g\u00e9n\u00e9rale des imp\u00f4ts avance en reculant. . Apr\u00e8s les deux premiers reports des D\u00e9clarations statistiques et fiscales (Dsf) au titre de l\u2019exercice 2018 soit le premier en juin et le second en ao\u00fbt, la Direction G\u00e9n\u00e9rale des Imp\u00f4ts (Dgi) a annonc\u00e9, le 14 ao\u00fbt dernier, que \u00ab la date du 15 ao\u00fbt 2019, [&hellip;]<\/p>\n","protected":false},"author":1969,"featured_media":0,"comment_status":"closed","ping_status":"closed","sticky":false,"template":"","format":"standard","meta":{"fifu_image_url":"","fifu_image_alt":"","footnotes":""},"categories":[82,78],"tags":[],"class_list":["post-58875","post","type-post","status-publish","format-standard","hentry","category-cameroun","category-economie"],"_links":{"self":[{"href":"https:\/\/linitiative.ca\/International\/wp-json\/wp\/v2\/posts\/58875","targetHints":{"allow":["GET"]}}],"collection":[{"href":"https:\/\/linitiative.ca\/International\/wp-json\/wp\/v2\/posts"}],"about":[{"href":"https:\/\/linitiative.ca\/International\/wp-json\/wp\/v2\/types\/post"}],"author":[{"embeddable":true,"href":"https:\/\/linitiative.ca\/International\/wp-json\/wp\/v2\/users\/1969"}],"replies":[{"embeddable":true,"href":"https:\/\/linitiative.ca\/International\/wp-json\/wp\/v2\/comments?post=58875"}],"version-history":[{"count":0,"href":"https:\/\/linitiative.ca\/International\/wp-json\/wp\/v2\/posts\/58875\/revisions"}],"wp:attachment":[{"href":"https:\/\/linitiative.ca\/International\/wp-json\/wp\/v2\/media?parent=58875"}],"wp:term":[{"taxonomy":"category","embeddable":true,"href":"https:\/\/linitiative.ca\/International\/wp-json\/wp\/v2\/categories?post=58875"},{"taxonomy":"post_tag","embeddable":true,"href":"https:\/\/linitiative.ca\/International\/wp-json\/wp\/v2\/tags?post=58875"}],"curies":[{"name":"wp","href":"https:\/\/api.w.org\/{rel}","templated":true}]}}