{"id":58876,"date":"2019-08-22T14:18:30","date_gmt":"2019-08-22T18:18:30","guid":{"rendered":"https:\/\/linitiative.ca\/International\/camair-co-clash-entre-ngalle-bibehe-et-georges-njipendi\/"},"modified":"2019-08-22T14:18:30","modified_gmt":"2019-08-22T18:18:30","slug":"camair-co-clash-entre-ngalle-bibehe-et-georges-njipendi","status":"publish","type":"post","link":"https:\/\/linitiative.ca\/International\/camair-co-clash-entre-ngalle-bibehe-et-georges-njipendi\/","title":{"rendered":"Camair-co : clash entre Ngalle Bibehe et Georges Njipendi"},"content":{"rendered":"<div class=\"featured-area featured-area-inner\"><img loading=\"lazy\" decoding=\"async\" width=\"780\" height=\"405\" src=\"https:\/\/i1.wp.com\/ecomatin.net\/wp-content\/uploads\/2019\/05\/ecomatin.net-camair-co-ce-qui-attend-la-nouvelle-equipe-dirigeante-camair-co-management.jpg?resize=780%2C405&#038;ssl=1&#038;is-pending-load=1\" class=\"attachment-jannah-image-post size-jannah-image-post wp-post-image jetpack-lazy-image\" alt=\"\" data-attachment-id=\"8527\" data-permalink=\"https:\/\/ecomatin.net\/camair-co-ce-qui-attend-la-nouvelle-equipe-dirigeante\/camair-co-management\/\" data-orig-file=\"https:\/\/i1.wp.com\/ecomatin.net\/wp-content\/uploads\/2019\/05\/ecomatin.net-camair-co-ce-qui-attend-la-nouvelle-equipe-dirigeante-camair-co-management.jpg?fit=960%2C720&#038;ssl=1\" data-orig-size=\"960,720\" data-comments-opened=\"0\" data-image-meta=\"{\"aperture\":\"0\",\"credit\":\"\",\"camera\":\"\",\"caption\":\"\",\"created_timestamp\":\"0\",\"copyright\":\"\",\"focal_length\":\"0\",\"iso\":\"0\",\"shutter_speed\":\"0\",\"title\":\"\",\"orientation\":\"0\"}\" data-image-title=\"Camair co management\" data-image-description=\"\" data-medium-file=\"https:\/\/i1.wp.com\/ecomatin.net\/wp-content\/uploads\/2019\/05\/ecomatin.net-camair-co-ce-qui-attend-la-nouvelle-equipe-dirigeante-camair-co-management.jpg?fit=300%2C225&#038;ssl=1\" data-large-file=\"https:\/\/i1.wp.com\/ecomatin.net\/wp-content\/uploads\/2019\/05\/ecomatin.net-camair-co-ce-qui-attend-la-nouvelle-equipe-dirigeante-camair-co-management.jpg?fit=960%2C720&#038;ssl=1\" srcset=\"data:image\/gif;base64,R0lGODlhAQABAIAAAAAAAP\/\/\/yH5BAEAAAAALAAAAAABAAEAAAIBRAA7\"\/><\/div>\n<div class=\"entry-content entry clearfix\" readability=\"66\">\n<p>L\u2019actualit\u00e9 \u00e0 Camair-co est br\u00fblante. En effet,\u00a0<strong>Jean Ernest Ngalle Bibehe<\/strong>, pr\u00e9sident du Conseil d\u2019administration de Camair-co, a adress\u00e9, le 20 ao\u00fbt 2019,<strong>\u00a0<\/strong>une lourde correspondance \u00e0\u00a0<strong>Louis Georges Njipendi<\/strong>, directeur g\u00e9n\u00e9ral de la compagnie<strong>.\u00a0<\/strong>Dans un document d\u2019une page, le Pca demande \u00e0 Georges Njipendi d\u2019annuler une kyrielle de d\u00e9cisions qu\u2019il a prises en date du 19 ao\u00fbt 2019. \u00ab\u00a0<em>Je vous demande de proc\u00e9der \u00e0 l\u2019annulation de tous ces textes sign\u00e9s le 19 ao\u00fbt 2019, jusqu\u2019\u00e0 la validation de l\u2019organigramme de la soci\u00e9t\u00e9 par un prochain Conseil d\u2019administration<\/em>\u00ab\u00a0, peut-on lire sur la correspondance que Ngalle Bibehe a adress\u00e9 \u00e0 Louis Georges Njipendi. Suffisant en tout cas pour d\u00e9crire le type de relation qui existe d\u00e9sormais entre le Pca et le Dg de Camair-co.<\/p>\n<p>Pour expliquer cette sourde tension, Ngalle Bibehe fait \u00e9tat de ce que, \u00ab\u00a0<em>il vous (Georges Njipendi Ndlr) a \u00e9t\u00e9 demand\u00e9 de tout mettre en \u0153uvre pour stabiliser l\u2019entreprise et bien maitriser son environnement avant tout mouvement\u2026<\/em>\u00ab\u00a0, a-t-il rappel\u00e9 au directeur g\u00e9n\u00e9ral de Camair-co. Or, les toutes derni\u00e8res d\u00e9cisions prises par Georges Njipendi n\u2019ont pas respect\u00e9 ces consignes. Au rang de ces d\u00e9cisions, l\u2019on cite: le <strong>red\u00e9ploiement massif du personnel<\/strong>, des <strong>nominations des responsables sans l\u2019accord du Conseil d\u2019administration<\/strong>, la <strong>d\u00e9signation de certains personnels \u00e0 des postes non int\u00e9gr\u00e9s dans les textes organiques<\/strong>, etc. D\u2019o\u00f9 la correspondance de Jean Ernest Ngalle Bibehe.<\/p>\n<p>Soulignons au passage que cette correspondance a \u00e9t\u00e9 envoy\u00e9e au Secr\u00e9taire g\u00e9n\u00e9ral de la Pr\u00e9sidence de la R\u00e9publique, au Secr\u00e9taire du Premier minist\u00e8re, au directeur g\u00e9n\u00e9ral adjoint de Camair-co et \u00e0 plusieurs autres membres du gouvernement. Ceux-ci sont, selon certains experts, les principaux arbitres de ce conflit.<\/p>\n<div class=\"about-author about-author-box container-wrapper\">\n<div class=\"author-avatar\">\n<p><img decoding=\"async\" src=\"http:\/\/\" alt=\"\"\/><\/p>\n<\/div>\n<p><h4>La R\u00e9daction EcoMatin<\/h4>\n<\/p>\n<\/div>\n<div class=\"awac-wrapper awac widget blog_subscription-2\">\n<h4 class=\"widget-title\">Abonnez-vous \u00e0 notre lettre d&rsquo;information<\/h4>\n<\/div>\n<\/div>\n<div class=\"toggle-post-content clearfix\"><a id=\"toggle-post-button\" class=\"button\" href=\"#\">Afficher plus <\/a><\/div>\n<p>Auteur: EcoMatin<br \/>\n<a href=\"https:\/\/ecomatin.net\/camair-co-clash-entre-ngalle-bibehe-et-georges-njipendi\/\">Cliquez ici pour lire l&rsquo;article depuis sa source.<\/a><\/p>\n","protected":false},"excerpt":{"rendered":"<p>L\u2019actualit\u00e9 \u00e0 Camair-co est br\u00fblante. En effet,\u00a0Jean Ernest Ngalle Bibehe, pr\u00e9sident du Conseil d\u2019administration de Camair-co, a adress\u00e9, le 20 ao\u00fbt 2019,\u00a0une lourde correspondance \u00e0\u00a0Louis Georges Njipendi, directeur g\u00e9n\u00e9ral de la compagnie.\u00a0Dans un document d\u2019une page, le Pca demande \u00e0 Georges Njipendi d\u2019annuler une kyrielle de d\u00e9cisions qu\u2019il a prises en date du 19 ao\u00fbt [&hellip;]<\/p>\n","protected":false},"author":1969,"featured_media":0,"comment_status":"closed","ping_status":"closed","sticky":false,"template":"","format":"standard","meta":{"fifu_image_url":"","fifu_image_alt":"","footnotes":""},"categories":[82,78],"tags":[],"class_list":["post-58876","post","type-post","status-publish","format-standard","hentry","category-cameroun","category-economie"],"_links":{"self":[{"href":"https:\/\/linitiative.ca\/International\/wp-json\/wp\/v2\/posts\/58876","targetHints":{"allow":["GET"]}}],"collection":[{"href":"https:\/\/linitiative.ca\/International\/wp-json\/wp\/v2\/posts"}],"about":[{"href":"https:\/\/linitiative.ca\/International\/wp-json\/wp\/v2\/types\/post"}],"author":[{"embeddable":true,"href":"https:\/\/linitiative.ca\/International\/wp-json\/wp\/v2\/users\/1969"}],"replies":[{"embeddable":true,"href":"https:\/\/linitiative.ca\/International\/wp-json\/wp\/v2\/comments?post=58876"}],"version-history":[{"count":0,"href":"https:\/\/linitiative.ca\/International\/wp-json\/wp\/v2\/posts\/58876\/revisions"}],"wp:attachment":[{"href":"https:\/\/linitiative.ca\/International\/wp-json\/wp\/v2\/media?parent=58876"}],"wp:term":[{"taxonomy":"category","embeddable":true,"href":"https:\/\/linitiative.ca\/International\/wp-json\/wp\/v2\/categories?post=58876"},{"taxonomy":"post_tag","embeddable":true,"href":"https:\/\/linitiative.ca\/International\/wp-json\/wp\/v2\/tags?post=58876"}],"curies":[{"name":"wp","href":"https:\/\/api.w.org\/{rel}","templated":true}]}}