{"id":58877,"date":"2019-08-22T14:27:53","date_gmt":"2019-08-22T18:27:53","guid":{"rendered":"https:\/\/linitiative.ca\/International\/mida-les-souscripteurs-de-la-2eme-vague-boycottent-le-paiement\/"},"modified":"2019-08-22T14:27:53","modified_gmt":"2019-08-22T18:27:53","slug":"mida-les-souscripteurs-de-la-2eme-vague-boycottent-le-paiement","status":"publish","type":"post","link":"https:\/\/linitiative.ca\/International\/mida-les-souscripteurs-de-la-2eme-vague-boycottent-le-paiement\/","title":{"rendered":"Mida : les souscripteurs de la 2\u00e8me vague boycottent le paiement"},"content":{"rendered":"<div class=\"featured-area featured-area-inner\"><img loading=\"lazy\" decoding=\"async\" width=\"780\" height=\"405\" src=\"https:\/\/i1.wp.com\/ecomatin.net\/wp-content\/uploads\/2019\/08\/ecomatin.net-mida-les-souscripteurs-de-la-2eme-vague-boycottent-le-paiement-mida-2.jpg?resize=780%2C405&#038;ssl=1&#038;is-pending-load=1\" class=\"attachment-jannah-image-post size-jannah-image-post wp-post-image jetpack-lazy-image\" alt=\"\" data-attachment-id=\"10770\" data-permalink=\"https:\/\/ecomatin.net\/mida-les-souscripteurs-de-la-2eme-vague-boycottent-le-paiement\/mida-2\/\" data-orig-file=\"https:\/\/i1.wp.com\/ecomatin.net\/wp-content\/uploads\/2019\/08\/ecomatin.net-mida-les-souscripteurs-de-la-2eme-vague-boycottent-le-paiement-mida-2.jpg?fit=900%2C613&#038;ssl=1\" data-orig-size=\"900,613\" data-comments-opened=\"0\" data-image-meta=\"{\"aperture\":\"0\",\"credit\":\"\",\"camera\":\"\",\"caption\":\"\",\"created_timestamp\":\"0\",\"copyright\":\"\",\"focal_length\":\"0\",\"iso\":\"0\",\"shutter_speed\":\"0\",\"title\":\"\",\"orientation\":\"0\"}\" data-image-title=\"Mida 2\" data-image-description=\"\" data-medium-file=\"https:\/\/i1.wp.com\/ecomatin.net\/wp-content\/uploads\/2019\/08\/ecomatin.net-mida-les-souscripteurs-de-la-2eme-vague-boycottent-le-paiement-mida-2.jpg?fit=300%2C204&#038;ssl=1\" data-large-file=\"https:\/\/i1.wp.com\/ecomatin.net\/wp-content\/uploads\/2019\/08\/ecomatin.net-mida-les-souscripteurs-de-la-2eme-vague-boycottent-le-paiement-mida-2.jpg?fit=900%2C613&#038;ssl=1\" srcset=\"data:image\/gif;base64,R0lGODlhAQABAIAAAAAAAP\/\/\/yH5BAEAAAAALAAAAAABAAEAAAIBRAA7\"\/><\/div>\n<div class=\"entry-content entry clearfix\" readability=\"66\">\n<p>Sa voix flanche lorsqu\u2019il s\u2019adresse aux journalistes d\u2019Ecomatin, c\u2019est la preuve que Bernard va mal. \u00ab\u00a0<em>Je veux juste qu\u2019on me donne mon argent. Rien d\u2019autre<\/em>\u00ab\u00a0, disait-il, le visage bl\u00eame. Mais il pr\u00e9f\u00e8re garder espoir. Car, relate-il, \u00ab\u00a0<em>Je suis venu au stade militaire de Yaound\u00e9 ce matin parce que j\u2019ai re\u00e7u l\u2019information selon laquelle je fais partie des souscripteurs devant percevoir une partie de leurs mises au cours de la deuxi\u00e8me phase de paiement. Donc j\u2019esp\u00e8re qu\u2019on va me payer. \u00c7a me r\u00e9jouit quelque peu<\/em>\u00ab\u00a0, fait savoir Bernard, l\u2019un des souscripteurs de la <strong>Mission d\u2019int\u00e9gration et de d\u00e9veloppement pour l\u2019Afrique (Mida)<\/strong>.<\/p>\n<p>En effet, apprend-on d\u2019une source proche du dossier, \u00ab\u00a0<em>la deuxi\u00e8me phase de remboursement des cotisations des souscripteurs de la Mida a d\u00e9but\u00e9 il y a quelques jours. Conduite par <strong>Naseri Paul Bea<\/strong>, le gouverneur de la r\u00e9gion du Centre, ces paiements prendront fin ce vendredi 23 ao\u00fbt<\/em>\u00ab\u00a0, pr\u00e9cise-t-elle, non sans laisser poindre quelques signes d\u2019inqui\u00e9tude. \u00ab\u00a0<em>Les souscripteurs concern\u00e9s ne viennent vraiment pas. Le nombre de personnes pr\u00e9sentes m\u2019inqui\u00e8te beaucoup<\/em>\u00ab\u00a0, d\u00e9plore la m\u00eame source. Des propos ent\u00e9rin\u00e9s par un agent pr\u00e9sent sur le terrain. \u00ab\u00a0<em>Sur les 3000 personnes attendues au cours de cette deuxi\u00e8me phase, seulement 473 se sont pr\u00e9sent\u00e9es entre lundi et mercredi de la semaine en cours. Soit <strong>2527<\/strong> personnes absentes. C\u2019est dire que plusieurs des souscripteurs ne sont pas int\u00e9ress\u00e9s<\/em>\u00ab\u00a0, nous a confi\u00e9 celui-ci.<\/p>\n<p>Pour rappel, l\u2019op\u00e9ration de remboursement des souscripteurs de la Mida dispose d\u2019une enveloppe globale de <strong>4,8 milliards de FCFA<\/strong>. 3,8 milliards proviennent des caisses de la Mida et 1 milliard FCFA a \u00e9t\u00e9 offert par Paul Biya, le pr\u00e9sident de la r\u00e9publique du Cameroun. Aussi, les souscripteurs n\u2019ayant pas \u00e9t\u00e9 convoqu\u00e9s ne sont concern\u00e9s par cette nouvelle vague de paiement. On se souvient que la premi\u00e8re op\u00e9ration avait suscit\u00e9 des remous. Car certains souscripteurs s\u2019insurgeaient contre les sommes per\u00e7ues.<\/p>\n<div class=\"about-author about-author-box container-wrapper\">\n<div class=\"author-avatar\">\n<p><img decoding=\"async\" src=\"http:\/\/\" alt=\"\"\/><\/p>\n<\/div>\n<p><h4>La R\u00e9daction EcoMatin<\/h4>\n<\/p>\n<\/div>\n<div class=\"awac-wrapper awac widget blog_subscription-2\">\n<h4 class=\"widget-title\">Abonnez-vous \u00e0 notre lettre d&rsquo;information<\/h4>\n<\/div>\n<\/div>\n<div class=\"toggle-post-content clearfix\"><a id=\"toggle-post-button\" class=\"button\" href=\"#\">Afficher plus <\/a><\/div>\n<p>Auteur: EcoMatin<br \/>\n<a href=\"https:\/\/ecomatin.net\/mida-les-souscripteurs-de-la-2eme-vague-boycottent-le-paiement\/\">Cliquez ici pour lire l&rsquo;article depuis sa source.<\/a><\/p>\n","protected":false},"excerpt":{"rendered":"<p>Sa voix flanche lorsqu\u2019il s\u2019adresse aux journalistes d\u2019Ecomatin, c\u2019est la preuve que Bernard va mal. \u00ab\u00a0Je veux juste qu\u2019on me donne mon argent. Rien d\u2019autre\u00ab\u00a0, disait-il, le visage bl\u00eame. Mais il pr\u00e9f\u00e8re garder espoir. Car, relate-il, \u00ab\u00a0Je suis venu au stade militaire de Yaound\u00e9 ce matin parce que j\u2019ai re\u00e7u l\u2019information selon laquelle je fais [&hellip;]<\/p>\n","protected":false},"author":1969,"featured_media":0,"comment_status":"closed","ping_status":"closed","sticky":false,"template":"","format":"standard","meta":{"fifu_image_url":"","fifu_image_alt":"","footnotes":""},"categories":[82,78],"tags":[],"class_list":["post-58877","post","type-post","status-publish","format-standard","hentry","category-cameroun","category-economie"],"_links":{"self":[{"href":"https:\/\/linitiative.ca\/International\/wp-json\/wp\/v2\/posts\/58877","targetHints":{"allow":["GET"]}}],"collection":[{"href":"https:\/\/linitiative.ca\/International\/wp-json\/wp\/v2\/posts"}],"about":[{"href":"https:\/\/linitiative.ca\/International\/wp-json\/wp\/v2\/types\/post"}],"author":[{"embeddable":true,"href":"https:\/\/linitiative.ca\/International\/wp-json\/wp\/v2\/users\/1969"}],"replies":[{"embeddable":true,"href":"https:\/\/linitiative.ca\/International\/wp-json\/wp\/v2\/comments?post=58877"}],"version-history":[{"count":0,"href":"https:\/\/linitiative.ca\/International\/wp-json\/wp\/v2\/posts\/58877\/revisions"}],"wp:attachment":[{"href":"https:\/\/linitiative.ca\/International\/wp-json\/wp\/v2\/media?parent=58877"}],"wp:term":[{"taxonomy":"category","embeddable":true,"href":"https:\/\/linitiative.ca\/International\/wp-json\/wp\/v2\/categories?post=58877"},{"taxonomy":"post_tag","embeddable":true,"href":"https:\/\/linitiative.ca\/International\/wp-json\/wp\/v2\/tags?post=58877"}],"curies":[{"name":"wp","href":"https:\/\/api.w.org\/{rel}","templated":true}]}}