{"id":58889,"date":"2019-08-23T07:09:11","date_gmt":"2019-08-23T11:09:11","guid":{"rendered":"https:\/\/linitiative.ca\/International\/pour-le-bon-deroulement-de-la-presidentielle-kamel-morjane-chef-du-gouvernement-pour-20-jours\/"},"modified":"2019-08-23T07:09:11","modified_gmt":"2019-08-23T11:09:11","slug":"pour-le-bon-deroulement-de-la-presidentielle-kamel-morjane-chef-du-gouvernement-pour-20-jours","status":"publish","type":"post","link":"https:\/\/linitiative.ca\/International\/pour-le-bon-deroulement-de-la-presidentielle-kamel-morjane-chef-du-gouvernement-pour-20-jours\/","title":{"rendered":"Pour le bon d\u00e9roulement de la pr\u00e9sidentielle : Kamel Morjane chef du gouvernement pour 20 jours"},"content":{"rendered":"<p>Le chef du gouvernement, Youssef Chahed, candidat \u00e0 la pr\u00e9sidentielle 2019, a annonc\u00e9, jeudi, sa d\u00e9cision de d\u00e9l\u00e9guer ses pr\u00e9rogatives au ministre de la Fonction publique, de la modernisation de l\u2019administration de la politique publique, Kamel Morjane, jusqu\u2019\u00e0 la fin de la campagne \u00e9lectorale, le 13 septembre prochain.<\/p>\n<p>Dans une intervention t\u00e9l\u00e9vis\u00e9e diffus\u00e9e ce soir sur Wataniya 1, \u00e0 l\u2019adresse des Tunisiens, Chahed a indiqu\u00e9 avoir pris cette d\u00e9cision en application des dispositions de l\u2019article 92 de la Constitution.<\/p>\n<p>Il a, dans ce contexte, fait remarquer que la Constitution permet au chef du gouvernement en fonction de se porter candidat \u00e0 la pr\u00e9sidentielle, tout en d\u00e9l\u00e9guant ses pouvoirs \u00e0 l\u2019un des ministres, soulignant qu\u2019il a pris cette d\u00e9cision \u00ab par conviction \u00bb et dans le but de gagner la confiance des \u00e9lecteurs tunisiens \u00ab avec ses propres moyens et gr\u00e2ce au soutien de ses sympathisants \u00bb.<\/p>\n<p>Youssef Chahed est candidat au scrutin pr\u00e9sidentiel du 15 septembre 2019, en lice avec 25 autres candidats dont l\u2019Instance sup\u00e9rieure ind\u00e9pendante pour les \u00e9lections (ISIE) avait annonc\u00e9 l\u2019acceptation des dossiers de candidature.<\/p>\n<p>D\u2019autres dossiers de candidatures faisant l\u2019objet de recours aupr\u00e8s du Tribunal administratif attendent d\u2019\u00eatre valid\u00e9s.<\/p>\n<p>Rappelons que Kamel Morjane est pr\u00e9sident du conseil national du parti Tahya Tounes, pr\u00e9sid\u00e9 par Youssef Chahed.<\/p>\n<p class=\"dpsp-share-text\">Partager c&rsquo;est aimer!<\/p>\n<div class=\"wp-post-author-wrap wp-post-author-shortcode left\">\n<h3 class=\"awpa-title\"\/>\n<div class=\"wp-post-author\">\n<div class=\"awpa-img awpa-author-block square\"><a href=\"http:\/\/lexpertjournal.net\/fr\/author\/expert\/\"><img loading=\"lazy\" decoding=\"async\" alt=\"\" src=\"http:\/\/2.gravatar.com\/avatar\/56d99be2a6f97af88ccb49fada637fcd?s=150&#038;d=mm&#038;r=g\" srcset=\"http:\/\/2.gravatar.com\/avatar\/56d99be2a6f97af88ccb49fada637fcd?s=300&#038;d=mm&#038;r=g 2x\" class=\"avatar avatar-150 photo\" height=\"150\" width=\"150\"\/><\/a><\/div>\n<\/div>\n<\/div>\n<p>Auteur: L&rsquo;expert<br \/>\n<a href=\"http:\/\/lexpertjournal.net\/fr\/2019\/08\/23\/pour-le-bon-deroulement-de-la-presidentielle-kamel-morjane-chef-du-gouvernement-pour-20-jours\/\">Cliquez ici pour lire l&rsquo;article depuis sa source.<\/a><\/p>\n","protected":false},"excerpt":{"rendered":"<p>Le chef du gouvernement, Youssef Chahed, candidat \u00e0 la pr\u00e9sidentielle 2019, a annonc\u00e9, jeudi, sa d\u00e9cision de d\u00e9l\u00e9guer ses pr\u00e9rogatives au ministre de la Fonction publique, de la modernisation de l\u2019administration de la politique publique, Kamel Morjane, jusqu\u2019\u00e0 la fin de la campagne \u00e9lectorale, le 13 septembre prochain. Dans une intervention t\u00e9l\u00e9vis\u00e9e diffus\u00e9e ce soir [&hellip;]<\/p>\n","protected":false},"author":1775,"featured_media":0,"comment_status":"closed","ping_status":"closed","sticky":false,"template":"","format":"standard","meta":{"fifu_image_url":"","fifu_image_alt":"","footnotes":""},"categories":[78,55],"tags":[],"class_list":["post-58889","post","type-post","status-publish","format-standard","hentry","category-economie","category-tunisie"],"_links":{"self":[{"href":"https:\/\/linitiative.ca\/International\/wp-json\/wp\/v2\/posts\/58889","targetHints":{"allow":["GET"]}}],"collection":[{"href":"https:\/\/linitiative.ca\/International\/wp-json\/wp\/v2\/posts"}],"about":[{"href":"https:\/\/linitiative.ca\/International\/wp-json\/wp\/v2\/types\/post"}],"author":[{"embeddable":true,"href":"https:\/\/linitiative.ca\/International\/wp-json\/wp\/v2\/users\/1775"}],"replies":[{"embeddable":true,"href":"https:\/\/linitiative.ca\/International\/wp-json\/wp\/v2\/comments?post=58889"}],"version-history":[{"count":0,"href":"https:\/\/linitiative.ca\/International\/wp-json\/wp\/v2\/posts\/58889\/revisions"}],"wp:attachment":[{"href":"https:\/\/linitiative.ca\/International\/wp-json\/wp\/v2\/media?parent=58889"}],"wp:term":[{"taxonomy":"category","embeddable":true,"href":"https:\/\/linitiative.ca\/International\/wp-json\/wp\/v2\/categories?post=58889"},{"taxonomy":"post_tag","embeddable":true,"href":"https:\/\/linitiative.ca\/International\/wp-json\/wp\/v2\/tags?post=58889"}],"curies":[{"name":"wp","href":"https:\/\/api.w.org\/{rel}","templated":true}]}}