{"id":58890,"date":"2019-08-23T07:11:49","date_gmt":"2019-08-23T11:11:49","guid":{"rendered":"https:\/\/linitiative.ca\/International\/recherche-et-innovation-journees-nationales-de-la-cooperation-tuniso-europeenne\/"},"modified":"2019-08-23T07:11:49","modified_gmt":"2019-08-23T11:11:49","slug":"recherche-et-innovation-journees-nationales-de-la-cooperation-tuniso-europeenne","status":"publish","type":"post","link":"https:\/\/linitiative.ca\/International\/recherche-et-innovation-journees-nationales-de-la-cooperation-tuniso-europeenne\/","title":{"rendered":"Recherche et Innovation : Journ\u00e9es nationales de la coop\u00e9ration Tuniso-europ\u00e9enne"},"content":{"rendered":"<p>Les Journ\u00e9es nationales de la coop\u00e9ration Tuniso-europ\u00e9enne de la Recherche et de l\u2019Innovation se tiendront les 9 et 10 Septembre 2019 \u00e0 la cit\u00e9 des sciences de Tunis \u00e0 l\u2019initiative du Minist\u00e8re de l\u2019Enseignement sup\u00e9rieur et de la recherche scientifique, la Direction g\u00e9n\u00e9rale de la recherche et l\u2019innovation de la Commission europ\u00e9enne [DG RTD] et la D\u00e9l\u00e9gation de l\u2019Union europ\u00e9enne en Tunisie [DUE].<\/p>\n<p>Cette manifestation a pour objectif de pr\u00e9senter les performances et les actions d\u2019appui au d\u00e9veloppement en mati\u00e8re de recherche et d\u2019innovation r\u00e9alis\u00e9s dans le cadre de la coop\u00e9ration tuniso-europ\u00e9enne et des perspectives d\u2019avenir, selon un document publi\u00e9, jeudi, par le programme europ\u00e9en Horizon 2020 sur sa page officielle \u00bb facebook \u00ab .<\/p>\n<p>Cette manifestation r\u00e9unira tous les acteurs cl\u00e9s de la coop\u00e9ration tuniso-europ\u00e9enne en mati\u00e8re de Recherche et Innovation, \u00e0 l\u2019instar de chercheurs, petites et moyennes entreprises, start-ups, clubs de jeunes, associations scientifiques, organisations non gouvernementales en lien avec les activit\u00e9s scientifiques, ainsi que des responsables au plus haut niveau de la recherche et l\u2019innovation de Tunisie et de l\u2019Union Europ\u00e9enne.<\/p>\n<p>Des conf\u00e9rences destin\u00e9es aux jeunes seront organis\u00e9es, notamment sur la mobilit\u00e9 et le d\u00e9veloppement de carri\u00e8re. Une exposition pr\u00e9sentera les programmes, les projets et les initiatives des parties prenantes de la coop\u00e9ration tuniso-europ\u00e9enne en Recherche et innovation.<\/p>\n<p class=\"dpsp-share-text\">Partager c&rsquo;est aimer!<\/p>\n<div class=\"wp-post-author-wrap wp-post-author-shortcode left\">\n<h3 class=\"awpa-title\"\/>\n<div class=\"wp-post-author\">\n<div class=\"awpa-img awpa-author-block square\"><a href=\"http:\/\/lexpertjournal.net\/fr\/author\/expert\/\"><img loading=\"lazy\" decoding=\"async\" alt=\"\" src=\"http:\/\/2.gravatar.com\/avatar\/56d99be2a6f97af88ccb49fada637fcd?s=150&#038;d=mm&#038;r=g\" srcset=\"http:\/\/2.gravatar.com\/avatar\/56d99be2a6f97af88ccb49fada637fcd?s=300&#038;d=mm&#038;r=g 2x\" class=\"avatar avatar-150 photo\" height=\"150\" width=\"150\"\/><\/a><\/div>\n<\/div>\n<\/div>\n<p>Auteur: L&rsquo;expert<br \/>\n<a href=\"http:\/\/lexpertjournal.net\/fr\/2019\/08\/23\/recherche-et-innovation-journees-nationales-de-la-cooperation-tuniso-europeenne\/\">Cliquez ici pour lire l&rsquo;article depuis sa source.<\/a><\/p>\n","protected":false},"excerpt":{"rendered":"<p>Les Journ\u00e9es nationales de la coop\u00e9ration Tuniso-europ\u00e9enne de la Recherche et de l\u2019Innovation se tiendront les 9 et 10 Septembre 2019 \u00e0 la cit\u00e9 des sciences de Tunis \u00e0 l\u2019initiative du Minist\u00e8re de l\u2019Enseignement sup\u00e9rieur et de la recherche scientifique, la Direction g\u00e9n\u00e9rale de la recherche et l\u2019innovation de la Commission europ\u00e9enne [DG RTD] et [&hellip;]<\/p>\n","protected":false},"author":1775,"featured_media":0,"comment_status":"closed","ping_status":"closed","sticky":false,"template":"","format":"standard","meta":{"fifu_image_url":"","fifu_image_alt":"","footnotes":""},"categories":[78,55],"tags":[],"class_list":["post-58890","post","type-post","status-publish","format-standard","hentry","category-economie","category-tunisie"],"_links":{"self":[{"href":"https:\/\/linitiative.ca\/International\/wp-json\/wp\/v2\/posts\/58890","targetHints":{"allow":["GET"]}}],"collection":[{"href":"https:\/\/linitiative.ca\/International\/wp-json\/wp\/v2\/posts"}],"about":[{"href":"https:\/\/linitiative.ca\/International\/wp-json\/wp\/v2\/types\/post"}],"author":[{"embeddable":true,"href":"https:\/\/linitiative.ca\/International\/wp-json\/wp\/v2\/users\/1775"}],"replies":[{"embeddable":true,"href":"https:\/\/linitiative.ca\/International\/wp-json\/wp\/v2\/comments?post=58890"}],"version-history":[{"count":0,"href":"https:\/\/linitiative.ca\/International\/wp-json\/wp\/v2\/posts\/58890\/revisions"}],"wp:attachment":[{"href":"https:\/\/linitiative.ca\/International\/wp-json\/wp\/v2\/media?parent=58890"}],"wp:term":[{"taxonomy":"category","embeddable":true,"href":"https:\/\/linitiative.ca\/International\/wp-json\/wp\/v2\/categories?post=58890"},{"taxonomy":"post_tag","embeddable":true,"href":"https:\/\/linitiative.ca\/International\/wp-json\/wp\/v2\/tags?post=58890"}],"curies":[{"name":"wp","href":"https:\/\/api.w.org\/{rel}","templated":true}]}}