{"id":58907,"date":"2019-08-23T06:09:25","date_gmt":"2019-08-23T10:09:25","guid":{"rendered":"https:\/\/linitiative.ca\/International\/tindouf-signature-dune-convention-pour-la-valorisation-de-larganier\/"},"modified":"2019-08-23T06:09:25","modified_gmt":"2019-08-23T10:09:25","slug":"tindouf-signature-dune-convention-pour-la-valorisation-de-larganier","status":"publish","type":"post","link":"https:\/\/linitiative.ca\/International\/tindouf-signature-dune-convention-pour-la-valorisation-de-larganier\/","title":{"rendered":"Tindouf: signature d&rsquo;une convention pour la valorisation de l&rsquo;arganier"},"content":{"rendered":"<div>\n<div class=\"K2FeedImage\"><img decoding=\"async\" src=\"http:\/\/www.aps.dz\/media\/k2\/items\/cache\/8a91c54798bc3ef3cc7fd61084d19abb_S.jpg\" alt=\"Tindouf: signature d'une convention pour la valorisation de l'arganier\"><\/div>\n<div class=\"K2FeedIntroText\">\n<p><strong>TINDOUF- Une convention pour la valorisation et le d\u00e9veloppement de l&rsquo;arganier a \u00e9t\u00e9 sign\u00e9e, jeudi, entre le secteur des for\u00eats et l&rsquo;unit\u00e9 du groupement d&rsquo;ing\u00e9nierie rurale la wilaya de Tindouf, lors d&rsquo;une c\u00e9r\u00e9monie pr\u00e9sid\u00e9e par le ministre de l&rsquo;Agriculture, du D\u00e9veloppement rural et de la P\u00eache, Ch\u00e9rif Omari.<\/strong><\/p>\n<\/div>\n<div class=\"K2FeedFullText\">\n<p>La Convention sign\u00e9e entre les deux parties, au niveau d&rsquo;une exploitation agricole priv\u00e9e, pr\u00e9voit plusieurs points inh\u00e9rents \u00e0 la reproduction de cet arbre, \u00e0 l&rsquo;\u00e9largissement des zones de plantation et \u00e0 la modernisation des moyens utilis\u00e9s, a affirm\u00e9 le ministre.<\/p>\n<p>Des pr\u00e9paratifs sont en cours pour le lancement, d\u00e9but octobre, d&rsquo;une campagne nationale de boisement, sous le th\u00e8me \u00ab\u00a0un arbre pour chaque citoyen\u00a0\u00bb, visant \u00e0 renforcer les capacit\u00e9s foresti\u00e8res et \u00e0 remplacer les pertes du patrimoine forestier caus\u00e9es par les incendies, en sus de l&rsquo;\u00e9largissement des espaces verts pour assurer le bien-\u00eatre du citoyen, a ajout\u00e9 le ministre, pr\u00e9cisant que l&rsquo;occasion sera \u00e9galement de relancer le projet du barrage vert, en tant qu&rsquo;exp\u00e9rience pionni\u00e8re en mati\u00e8re de lutte contre la d\u00e9sertification.<\/p>\n<p>Accompagn\u00e9 par le ministre de la Sant\u00e9, de la population et de la r\u00e9forme hospitali\u00e8re, Mohamed Miraoui, M. Omari a inspect\u00e9 un projet pilote de mise en terre de plus de 5000 plants d&rsquo;arganiers par un exploitant particulier \u00e0 Tindouf, une exp\u00e9rience qui a donn\u00e9 des r\u00e9sultats \u00ab\u00a0encourageants\u00a0\u00bb, bien que la culture de cet arbre rare exige un climat sp\u00e9cifique, selon les responsables du projet.<\/p>\n<p>La d\u00e9l\u00e9gation minist\u00e9rielle a suivi \u00e9galement un expos\u00e9 d\u00e9taill\u00e9 sur les activit\u00e9s du secteur forestier \u00e0 Tindouf ainsi que les diff\u00e9rentes op\u00e9rations dont la wilaya a b\u00e9n\u00e9fici\u00e9 dans le cadre de la valorisation et la promotion de la plantation de l&rsquo;arganier, un arbre existant en nombre important \u00e0 Touiref Bou\u00e2am et Oued El-Ma.<\/p>\n<p>Le ministre a proc\u00e9d\u00e9, en outre, \u00e0 la mise en service d&rsquo;une unit\u00e9 de la Coop\u00e9rative de c\u00e9r\u00e9ales et de l\u00e9gumes secs (CCLS) relevant de l&rsquo;Office alg\u00e9rien interprofessionnel des c\u00e9r\u00e9ales (OAIC) avant d&rsquo;\u00e9couter, sur place, les pr\u00e9occupations des \u00e9leveurs, notamment ce qui concerne le manque des fourrages, soulignant,\u00a0 \u00e0 ce propos, \u00ab\u00a0la disposition de son d\u00e9partement minist\u00e9riel\u00a0 \u00e0 prendre en charge ces pr\u00e9occupations\u00a0\u00bb.<\/p>\n<p>Au niveau de la m\u00eame unit\u00e9, le ministre a pr\u00e9sid\u00e9 la c\u00e9r\u00e9monie de distribution du premier quota d&rsquo;orge au profit de certains \u00e9leveurs de camelins et de ch\u00e8vres.<\/p>\n<p>Dans ce cadre, M. Omari a mis l&rsquo;accent sur la n\u00e9cessaire structuration des agriculteurs et \u00e9leveurs en vue de faciliter l&rsquo;op\u00e9ration de prise en charge par l&rsquo;Etat concernant la distribution des fourrages, avant de pr\u00e9sider une c\u00e9r\u00e9monie de distribution de trois unit\u00e9s d&rsquo;\u00e9nergie solaire sur un total de 250 unit\u00e9s destin\u00e9es aux agriculteurs.<\/p>\n<p>Le ministre a fait \u00e9tat, \u00e9galement, de la cons\u00e9cration, dans le cadre des fonds de soutien au d\u00e9veloppement rural, d&rsquo;op\u00e9rations de soutien aux activit\u00e9s de l&rsquo;\u00e9levage camelin et autres activit\u00e9s relatives \u00e0 la recherche des sources d&rsquo;eau ainsi que la lev\u00e9e du gel des m\u00e9canismes d&rsquo;exploitation d&rsquo;eau et de r\u00e9duction de l&rsquo;utilisation de l&rsquo;\u00e9lectricit\u00e9 \u00e0 travers le recours \u00e0 l&rsquo;\u00e9nergie solaire.<\/p>\n<p>\u00a0<\/p>\n<\/div>\n<\/div>\n<p>Auteur:<br \/>\n<a href=\"http:\/\/www.aps.dz\/regions\/93487-tindouf-signature-d-une-convention-pour-la-valorisation-de-l-arganier\">Cliquez ici pour lire l&rsquo;article depuis sa source.<\/a><\/p>\n","protected":false},"excerpt":{"rendered":"<p>TINDOUF- Une convention pour la valorisation et le d\u00e9veloppement de l&rsquo;arganier a \u00e9t\u00e9 sign\u00e9e, jeudi, entre le secteur des for\u00eats et l&rsquo;unit\u00e9 du groupement d&rsquo;ing\u00e9nierie rurale la wilaya de Tindouf, lors d&rsquo;une c\u00e9r\u00e9monie pr\u00e9sid\u00e9e par le ministre de l&rsquo;Agriculture, du D\u00e9veloppement rural et de la P\u00eache, Ch\u00e9rif Omari. La Convention sign\u00e9e entre les deux parties, [&hellip;]<\/p>\n","protected":false},"author":1790,"featured_media":58908,"comment_status":"closed","ping_status":"closed","sticky":false,"template":"","format":"standard","meta":{"fifu_image_url":"","fifu_image_alt":"","footnotes":""},"categories":[53,76],"tags":[],"class_list":["post-58907","post","type-post","status-publish","format-standard","has-post-thumbnail","hentry","category-algerie","category-regions"],"_links":{"self":[{"href":"https:\/\/linitiative.ca\/International\/wp-json\/wp\/v2\/posts\/58907","targetHints":{"allow":["GET"]}}],"collection":[{"href":"https:\/\/linitiative.ca\/International\/wp-json\/wp\/v2\/posts"}],"about":[{"href":"https:\/\/linitiative.ca\/International\/wp-json\/wp\/v2\/types\/post"}],"author":[{"embeddable":true,"href":"https:\/\/linitiative.ca\/International\/wp-json\/wp\/v2\/users\/1790"}],"replies":[{"embeddable":true,"href":"https:\/\/linitiative.ca\/International\/wp-json\/wp\/v2\/comments?post=58907"}],"version-history":[{"count":0,"href":"https:\/\/linitiative.ca\/International\/wp-json\/wp\/v2\/posts\/58907\/revisions"}],"wp:featuredmedia":[{"embeddable":true,"href":"https:\/\/linitiative.ca\/International\/wp-json\/"}],"wp:attachment":[{"href":"https:\/\/linitiative.ca\/International\/wp-json\/wp\/v2\/media?parent=58907"}],"wp:term":[{"taxonomy":"category","embeddable":true,"href":"https:\/\/linitiative.ca\/International\/wp-json\/wp\/v2\/categories?post=58907"},{"taxonomy":"post_tag","embeddable":true,"href":"https:\/\/linitiative.ca\/International\/wp-json\/wp\/v2\/tags?post=58907"}],"curies":[{"name":"wp","href":"https:\/\/api.w.org\/{rel}","templated":true}]}}