{"id":58917,"date":"2019-08-23T06:30:00","date_gmt":"2019-08-23T10:30:00","guid":{"rendered":"https:\/\/linitiative.ca\/International\/semaine-decisive-pour-boris-johnson\/"},"modified":"2019-08-23T06:30:00","modified_gmt":"2019-08-23T10:30:00","slug":"semaine-decisive-pour-boris-johnson","status":"publish","type":"post","link":"https:\/\/linitiative.ca\/International\/semaine-decisive-pour-boris-johnson\/","title":{"rendered":"Semaine d\u00e9cisive pour Boris Johnson"},"content":{"rendered":"<div readability=\"35\">\n<p>Face \u00e0 Macron et Merkel, il tente d\u2019imposer son Brexit<\/p>\n<p>Londres cessera d&rsquo;assister \u00e0 la plupart des r\u00e9unions de l&rsquo;UE \u00e0 partir du 1er septembre<\/p>\n<\/div>\n<div readability=\"72\">\n<div class=\"dnd-atom-wrapper type-image context-sdl_editor_representation atom-align-right\" contenteditable=\"false\" readability=\"32.5\">\n<div class=\"dnd-drop-wrapper image\"><img loading=\"lazy\" decoding=\"async\" typeof=\"foaf:Image\" class=\"img-responsive\" src=\"https:\/\/www.leconomiste.com\/sites\/default\/files\/eco7\/public\/thumbnails\/image\/boris_johnson_076.jpg\" width=\"282\" height=\"397\" alt=\"boris_johnson_076.jpg\" title=\"boris_johnson_076.jpg\"\/><\/div>\n<div class=\"dnd-legend-wrapper\" contenteditable=\"true\" readability=\"10\">\n<p class=\"rtejustify\">Alors qu\u2019il a assur\u00e9 que le Royaume-Uni quittera l\u2019UE d\u00e8s le 31 octobre, Boris Johnson, premier ministre britannique a pr\u00e9vu de rencontrer Angela Merkel et Emmanuel Macron <em>(Ph. AFP)<\/em><\/p>\n<\/div>\n<\/div>\n<p class=\"rtejustify\">A quelques jours du d\u00e9marrage du G7 \u00e0 Biarritz, Boris Johnson, le nouveau Premier ministre britannique s\u2019est lanc\u00e9 dans un marathon diplomatique plut\u00f4t compliqu\u00e9 afin d&rsquo;imposer sa vision du Brexit. Hier mercredi, il avait rendez-vous \u00e0 Berlin avec la chanceli\u00e8re allemande, Angela Merkel dans le but de r\u00e9it\u00e9rer son appel \u00e0 la suppression du filet de s\u00e9curit\u00e9 irlandais (Irish backstop), rejet\u00e9 trois fois par le parlement britannique.<\/p>\n<p class=\"rtejustify\">M\u00eame si cette visite \u00e0 l\u2019\u00e9tranger de Boris Johnson est la premi\u00e8re qu\u2019il effectue depuis sa prise de fonction, aucune conf\u00e9rence de presse n\u2019a \u00e9t\u00e9 pr\u00e9vue. Signe que peu d\u2019avanc\u00e9es sont attendues. En effet, les politiciens et les responsables \u00e0 Berlin estiment que la lettre de Johnson envoy\u00e9e au pr\u00e9sident du Conseil europ\u00e9en, Donald Tusk, ne contient pas des propositions constructives pour la poursuite des n\u00e9gociations.<\/p>\n<p class=\"rtejustify\">Le destinataire est d\u2019ailleurs du m\u00eame avis. \u00abLe filet de s\u00e9curit\u00e9 est une assurance pour \u00e9viter une fronti\u00e8re dure sur l&rsquo;\u00eele d&rsquo;Irlande tant qu&rsquo;une solution de rechange n&rsquo;est pas trouv\u00e9e. Ceux qui sont contre et qui ne proposent pas d&rsquo;alternatives r\u00e9alistes sont en r\u00e9alit\u00e9 favorables au r\u00e9tablissement d&rsquo;une fronti\u00e8re. M\u00eame s&rsquo;ils ne l&rsquo;admettent pas\u00bb, a d\u00e9clar\u00e9 Tusk sur son compte Twitter, mardi dernier. Pour le premier ministre Britannique, l&rsquo;UE fait preuve de \u00abn\u00e9gativit\u00e9\u00bb quant \u00e0 sa demande.<\/p>\n<p class=\"rtejustify\">Cette apr\u00e8s-midi, Boris Johnson est attendu \u00e0 l&rsquo;\u00c9lys\u00e9e par Emmanuel Macron affichant une position aussi dure que la chanceli\u00e8re dans ce dossier \u00e9pineux. \u00abLa question du Brexit sera \u00e9voqu\u00e9e dans le respect des principes europ\u00e9ens agr\u00e9\u00e9s \u00e0 27\u00bb a pr\u00e9cis\u00e9 l\u2019Elys\u00e9e. Cette s\u00e9quence diplomatique sera conclue \u00e0 Biarritz, au sommet du G7. Lors de cettre grande r\u00e9union, le premier ministre britannique s\u2019entretiendra avec Donald Trump, fervent partisan d&rsquo;un Brexit sans concession.<\/p>\n<p class=\"rtejustify\">Pour rappel, Londres est d\u00e9termin\u00e9 \u00e0 quitter l\u2019UE le 31 octobre, \u00abqu\u2019elle ait r\u00e9ussi ou non \u00e0 ren\u00e9gocier l\u2019accord\u00bb. Les britanniques cesseront d\u2019ailleurs d&rsquo;assister \u00e0 la plupart des r\u00e9unions de l&rsquo;UE \u00e0 partir du 1er septembre afin de se concentrer sur les pr\u00e9paratifs du Brexit.\u00a0<\/p>\n<p class=\"rtejustify\"><em>T. E.G. avec agences<\/em><\/p>\n<\/div>\n<p>Auteur: hlafriqi<br \/>\n<a href=\"https:\/\/www.leconomiste.com\/article\/1049156-semaine-decisive-pour-boris-johnson\">Cliquez ici pour lire l&rsquo;article depuis sa source.<\/a><\/p>\n","protected":false},"excerpt":{"rendered":"<p>Face \u00e0 Macron et Merkel, il tente d\u2019imposer son Brexit Londres cessera d&rsquo;assister \u00e0 la plupart des r\u00e9unions de l&rsquo;UE \u00e0 partir du 1er septembre Alors qu\u2019il a assur\u00e9 que le Royaume-Uni quittera l\u2019UE d\u00e8s le 31 octobre, Boris Johnson, premier ministre britannique a pr\u00e9vu de rencontrer Angela Merkel et Emmanuel Macron (Ph. AFP) A [&hellip;]<\/p>\n","protected":false},"author":1763,"featured_media":58918,"comment_status":"closed","ping_status":"closed","sticky":false,"template":"","format":"standard","meta":{"fifu_image_url":"","fifu_image_alt":"","footnotes":""},"categories":[78,54],"tags":[],"class_list":["post-58917","post","type-post","status-publish","format-standard","has-post-thumbnail","hentry","category-economie","category-maroc"],"_links":{"self":[{"href":"https:\/\/linitiative.ca\/International\/wp-json\/wp\/v2\/posts\/58917","targetHints":{"allow":["GET"]}}],"collection":[{"href":"https:\/\/linitiative.ca\/International\/wp-json\/wp\/v2\/posts"}],"about":[{"href":"https:\/\/linitiative.ca\/International\/wp-json\/wp\/v2\/types\/post"}],"author":[{"embeddable":true,"href":"https:\/\/linitiative.ca\/International\/wp-json\/wp\/v2\/users\/1763"}],"replies":[{"embeddable":true,"href":"https:\/\/linitiative.ca\/International\/wp-json\/wp\/v2\/comments?post=58917"}],"version-history":[{"count":0,"href":"https:\/\/linitiative.ca\/International\/wp-json\/wp\/v2\/posts\/58917\/revisions"}],"wp:featuredmedia":[{"embeddable":true,"href":"https:\/\/linitiative.ca\/International\/wp-json\/"}],"wp:attachment":[{"href":"https:\/\/linitiative.ca\/International\/wp-json\/wp\/v2\/media?parent=58917"}],"wp:term":[{"taxonomy":"category","embeddable":true,"href":"https:\/\/linitiative.ca\/International\/wp-json\/wp\/v2\/categories?post=58917"},{"taxonomy":"post_tag","embeddable":true,"href":"https:\/\/linitiative.ca\/International\/wp-json\/wp\/v2\/tags?post=58917"}],"curies":[{"name":"wp","href":"https:\/\/api.w.org\/{rel}","templated":true}]}}