{"id":58928,"date":"2019-08-23T15:14:09","date_gmt":"2019-08-23T19:14:09","guid":{"rendered":"https:\/\/linitiative.ca\/International\/international-psg-leonardo-a-toujours-une-ouverture-pour-youcef-atal\/"},"modified":"2019-08-23T15:14:09","modified_gmt":"2019-08-23T19:14:09","slug":"international-psg-leonardo-a-toujours-une-ouverture-pour-youcef-atal","status":"publish","type":"post","link":"https:\/\/linitiative.ca\/International\/international-psg-leonardo-a-toujours-une-ouverture-pour-youcef-atal\/","title":{"rendered":"International : PSG: Leonardo a toujours une ouverture pour Youcef Atal !"},"content":{"rendered":"<div readability=\"32\">\n<p>Auteur : <span class=\"time\">vendredi 23 ao\u00fbt 2019 12:00<\/span><\/p>\n<\/div>\n<div id=\"post_core\" readability=\"43\">\n<p>Les onze derniers jours du mercato s\u2019annoncent tr\u00e8s chauds au sein du club de la capitale. Il faut dire que le feuilleton Neymar continue de faire parler et son d\u00e9nouement se fait d\u00e9sormais attendre. D\u2019autant qu\u2019avec l\u2019argent r\u00e9cup\u00e9r\u00e9 de la vente du Br\u00e9silien, Leonardo souhaite renforcer diff\u00e9rents secteurs de jeu au sein de l\u2019effectif du PSG, \u00e0 commencer par le poste de lat\u00e9ral droit. Thomas Meunier n\u2019a jamais convaincu Thomas Tuchel, tandis que Colin Dagba, bien que prometteur, n\u2019a pas les \u00e9paules pour assumer un r\u00f4le de titulaire. Dans cette optique, la piste menant \u00e0 Youcef Atal a \u00e9t\u00e9 explor\u00e9e par le Paris Saint-Germain. Un dossier d\u00e9licat \u00e0 g\u00e9rer compte tenu du fait que le rachat de l\u2019OGC Nice a mis du temps avant d\u2019\u00eatre valid\u00e9 par l\u2019Autorit\u00e9 de la Concurrence. C\u2019est d\u00e9sormais chose faite. Par cons\u00e9quent, selon les informations de RMC Sport, la piste menant \u00e0 l\u2019international alg\u00e9rien n\u2019est pas ferm\u00e9e bien qu\u2019elle se soit refroidie. D\u2019autant que les Aiglons s\u2019int\u00e9ressent au jeune d\u00e9fenseur du PSG Stanley Nsoki rapporte Le 10 Sport.<\/p>\n<p><strong>Publi\u00e9 dans :<\/strong> <span>Atal<\/span><\/p>\n<\/div>\n<p>Auteur:<br \/>\n<a href=\"http:\/\/www.lebuteur.com\/article\/detail?titre=psg-leonardo-a-toujours-une-ouverture-pour-youcef-atal&#038;id=91241&#038;utm_source=feedburner&#038;utm_medium=feed&#038;utm_campaign=Feed%3A+GalerieFArtciles+%28Les+derniers+articles++-+lebuteur.com%29\">Cliquez ici pour lire l&rsquo;article depuis sa source.<\/a><\/p>\n","protected":false},"excerpt":{"rendered":"<p>Auteur : vendredi 23 ao\u00fbt 2019 12:00 Les onze derniers jours du mercato s\u2019annoncent tr\u00e8s chauds au sein du club de la capitale. Il faut dire que le feuilleton Neymar continue de faire parler et son d\u00e9nouement se fait d\u00e9sormais attendre. D\u2019autant qu\u2019avec l\u2019argent r\u00e9cup\u00e9r\u00e9 de la vente du Br\u00e9silien, Leonardo souhaite renforcer diff\u00e9rents secteurs [&hellip;]<\/p>\n","protected":false},"author":1738,"featured_media":58929,"comment_status":"closed","ping_status":"closed","sticky":false,"template":"","format":"standard","meta":{"fifu_image_url":"","fifu_image_alt":"","footnotes":""},"categories":[53,75],"tags":[],"class_list":["post-58928","post","type-post","status-publish","format-standard","has-post-thumbnail","hentry","category-algerie","category-sport"],"_links":{"self":[{"href":"https:\/\/linitiative.ca\/International\/wp-json\/wp\/v2\/posts\/58928","targetHints":{"allow":["GET"]}}],"collection":[{"href":"https:\/\/linitiative.ca\/International\/wp-json\/wp\/v2\/posts"}],"about":[{"href":"https:\/\/linitiative.ca\/International\/wp-json\/wp\/v2\/types\/post"}],"author":[{"embeddable":true,"href":"https:\/\/linitiative.ca\/International\/wp-json\/wp\/v2\/users\/1738"}],"replies":[{"embeddable":true,"href":"https:\/\/linitiative.ca\/International\/wp-json\/wp\/v2\/comments?post=58928"}],"version-history":[{"count":0,"href":"https:\/\/linitiative.ca\/International\/wp-json\/wp\/v2\/posts\/58928\/revisions"}],"wp:featuredmedia":[{"embeddable":true,"href":"https:\/\/linitiative.ca\/International\/wp-json\/"}],"wp:attachment":[{"href":"https:\/\/linitiative.ca\/International\/wp-json\/wp\/v2\/media?parent=58928"}],"wp:term":[{"taxonomy":"category","embeddable":true,"href":"https:\/\/linitiative.ca\/International\/wp-json\/wp\/v2\/categories?post=58928"},{"taxonomy":"post_tag","embeddable":true,"href":"https:\/\/linitiative.ca\/International\/wp-json\/wp\/v2\/tags?post=58928"}],"curies":[{"name":"wp","href":"https:\/\/api.w.org\/{rel}","templated":true}]}}