{"id":58934,"date":"2019-08-23T11:09:48","date_gmt":"2019-08-23T15:09:48","guid":{"rendered":"https:\/\/linitiative.ca\/International\/93511-ja-2019-equitation-l-algerie-decroche-le-bronze-au-saut-d-obstacles-par-equipes\/"},"modified":"2019-08-23T11:09:48","modified_gmt":"2019-08-23T15:09:48","slug":"93511-ja-2019-equitation-l-algerie-decroche-le-bronze-au-saut-d-obstacles-par-equipes","status":"publish","type":"post","link":"https:\/\/linitiative.ca\/International\/93511-ja-2019-equitation-l-algerie-decroche-le-bronze-au-saut-d-obstacles-par-equipes\/","title":{"rendered":"JA 2019\/Equitation: l&rsquo;Alg\u00e9rie d\u00e9croche le bronze au saut d&rsquo;obstacles par \u00e9quipes"},"content":{"rendered":"<div>\n<div class=\"K2FeedImage\"><img decoding=\"async\" src=\"http:\/\/www.aps.dz\/media\/k2\/items\/cache\/48ce21639871ef9b59509d12218021d5_S.jpg\" alt=\"JA 2019\/Equitation: l'Alg\u00e9rie d\u00e9croche le bronze au saut d'obstacles par \u00e9quipes\"><\/div>\n<div class=\"K2FeedIntroText\">\n<p>\u00a0<\/p>\n<p><strong>RABAT &#8211; L&rsquo;\u00e9quipe alg\u00e9rienne de saut d&rsquo;obstacles a pris la m\u00e9daille de bronze de la sp\u00e9cialit\u00e9 des Jeux africains 2019, \u00e0 l&rsquo;issue de la finale disput\u00e9e jeudi \u00e0 Rabat (Maroc).<\/strong><\/p>\n<\/div>\n<div class=\"K2FeedFullText\">\n<p>L&rsquo;\u00e9quipe alg\u00e9rienne compos\u00e9e des cavaliers, Ali Boughrab, Ali Mesrati, Mohamed Smati et Sofian Misraoui a termin\u00e9 sur la troisi\u00e8me marche du podium derri\u00e8re le Maroc (or) et l&rsquo;Egypte (argent).<\/p>\n<p>Les \u00e9preuves de sports \u00e9questres des JA-2019, qui sont qualificatives aux Jeux olympiques 2020 \u00e0 Tokyo (Japon), se poursuivent jusqu&rsquo;au 24 ao\u00fbt.<\/p>\n<\/div>\n<p><img loading=\"lazy\" decoding=\"async\" src=\"http:\/\/feeds.feedburner.com\/~r\/aps-sport\/~4\/ERSqF0qh0GI\" height=\"1\" width=\"1\" alt=\"\"><\/div>\n<p>Auteur:<br \/>\n<a href=\"http:\/\/www.aps.dz\/sport\/93511-ja-2019-equitation-l-algerie-decroche-le-bronze-au-saut-d-obstacles-par-equipes?utm_source=feedburner&#038;utm_medium=feed&#038;utm_campaign=Feed%3A+aps-sport+%28APS+-+SPORT%29\">Cliquez ici pour lire l&rsquo;article depuis sa source.<\/a><\/p>\n","protected":false},"excerpt":{"rendered":"<p>\u00a0 RABAT &#8211; L&rsquo;\u00e9quipe alg\u00e9rienne de saut d&rsquo;obstacles a pris la m\u00e9daille de bronze de la sp\u00e9cialit\u00e9 des Jeux africains 2019, \u00e0 l&rsquo;issue de la finale disput\u00e9e jeudi \u00e0 Rabat (Maroc). L&rsquo;\u00e9quipe alg\u00e9rienne compos\u00e9e des cavaliers, Ali Boughrab, Ali Mesrati, Mohamed Smati et Sofian Misraoui a termin\u00e9 sur la troisi\u00e8me marche du podium derri\u00e8re le [&hellip;]<\/p>\n","protected":false},"author":1790,"featured_media":58935,"comment_status":"closed","ping_status":"closed","sticky":false,"template":"","format":"standard","meta":{"fifu_image_url":"","fifu_image_alt":"","footnotes":""},"categories":[53,75],"tags":[],"class_list":["post-58934","post","type-post","status-publish","format-standard","has-post-thumbnail","hentry","category-algerie","category-sport"],"_links":{"self":[{"href":"https:\/\/linitiative.ca\/International\/wp-json\/wp\/v2\/posts\/58934","targetHints":{"allow":["GET"]}}],"collection":[{"href":"https:\/\/linitiative.ca\/International\/wp-json\/wp\/v2\/posts"}],"about":[{"href":"https:\/\/linitiative.ca\/International\/wp-json\/wp\/v2\/types\/post"}],"author":[{"embeddable":true,"href":"https:\/\/linitiative.ca\/International\/wp-json\/wp\/v2\/users\/1790"}],"replies":[{"embeddable":true,"href":"https:\/\/linitiative.ca\/International\/wp-json\/wp\/v2\/comments?post=58934"}],"version-history":[{"count":0,"href":"https:\/\/linitiative.ca\/International\/wp-json\/wp\/v2\/posts\/58934\/revisions"}],"wp:featuredmedia":[{"embeddable":true,"href":"https:\/\/linitiative.ca\/International\/wp-json\/"}],"wp:attachment":[{"href":"https:\/\/linitiative.ca\/International\/wp-json\/wp\/v2\/media?parent=58934"}],"wp:term":[{"taxonomy":"category","embeddable":true,"href":"https:\/\/linitiative.ca\/International\/wp-json\/wp\/v2\/categories?post=58934"},{"taxonomy":"post_tag","embeddable":true,"href":"https:\/\/linitiative.ca\/International\/wp-json\/wp\/v2\/tags?post=58934"}],"curies":[{"name":"wp","href":"https:\/\/api.w.org\/{rel}","templated":true}]}}