{"id":58943,"date":"2019-08-23T15:14:00","date_gmt":"2019-08-23T19:14:00","guid":{"rendered":"https:\/\/linitiative.ca\/International\/bousculade-mortelle-lors-du-concert-de-soolking-le-dg-de-londa-benchikh-limoge\/"},"modified":"2019-08-23T15:14:00","modified_gmt":"2019-08-23T19:14:00","slug":"bousculade-mortelle-lors-du-concert-de-soolking-le-dg-de-londa-benchikh-limoge","status":"publish","type":"post","link":"https:\/\/linitiative.ca\/International\/bousculade-mortelle-lors-du-concert-de-soolking-le-dg-de-londa-benchikh-limoge\/","title":{"rendered":"BOUSCULADE MORTELLE LORS DU CONCERT DE SOOLKING : Le DG de l\u2019ONDA, Benchikh, limog\u00e9"},"content":{"rendered":"<p><br id=\"sep_para_1\" class=\"sep_para access\"\/><\/p>\n<div id=\"para_1\" class=\"para_32671681 resize\">\n<div class=\"photo shadow left\"><a href=\"javascript:void(0)\" rel=\"https:\/\/www.reflexiondz.net\/photo\/art\/grande\/36692401-32671681.jpg?v=1566588926&#038;ibox\" title=\"BOUSCULADE MORTELLE LORS DU CONCERT DE SOOLKING : Le DG de l\u2019ONDA, Benchikh, limog\u00e9\"><img decoding=\"async\" class=\"responsive c9\" src=\"https:\/\/www.reflexiondz.net\/photo\/art\/grande\/36692401-32671681.jpg?v=1566588926\" alt=\"BOUSCULADE MORTELLE LORS DU CONCERT DE SOOLKING : Le DG de l\u2019ONDA, Benchikh, limog\u00e9\" title=\"BOUSCULADE MORTELLE LORS DU CONCERT DE SOOLKING : Le DG de l\u2019ONDA, Benchikh, limog\u00e9\"\/><img decoding=\"async\" class=\"not-responsive\" src=\"https:\/\/www.reflexiondz.net\/photo\/art\/default\/36692401-32671681.jpg?v=1566588929\" alt=\"BOUSCULADE MORTELLE LORS DU CONCERT DE SOOLKING : Le DG de l\u2019ONDA, Benchikh, limog\u00e9\" title=\"BOUSCULADE MORTELLE LORS DU CONCERT DE SOOLKING : Le DG de l\u2019ONDA, Benchikh, limog\u00e9\"\/><\/a><\/div>\n<div class=\"texte access firstletter\">Le Directeur g\u00e9n\u00e9ral de l\u2019ONDA, Samy Benchikh, a \u00e9t\u00e9 limog\u00e9 pour d\u00e9faillance et mauvaise organisation suite \u00e0 la bousculade qui s\u2019est tourn\u00e9e au drame peu avant le d\u00e9but du concert du rappeur alg\u00e9rien \u00ab Soolking \u00bb, au stade du 20-Ao\u00fbt \u00e0 Alger et qui a cout\u00e9 la vie \u00e0 cinq personnes, dont une fillette de 13 ans, et une trentaine de bless\u00e9s. Un probl\u00e8me de vente de tickets \u00e0 l&rsquo;entr\u00e9e aurait entra\u00een\u00e9 cette bousculade mortelle devant le stade d&rsquo;Alger o\u00f9 se tenait le concert. Notons que le Procureur de la R\u00e9publique pr\u00e8s le tribunal de Sidi M\u2019hamed, \u00e0 Alger, a d\u00e9cid\u00e9 d\u2019ouvrir une enqu\u00eate suite \u00e0 ce drame.<br \/>\u00a0<\/div>\n<\/div>\n<p>Auteur: Ismain<br \/>\n<a href=\"https:\/\/www.reflexiondz.net\/BOUSCULADE-MORTELLE-LORS-DU-CONCERT-DE-SOOLKING-Le-DG-de-l-ONDA-Benchikh-limoge_a57269.html\">Cliquez ici pour lire l&rsquo;article depuis sa source.<\/a><\/p>\n","protected":false},"excerpt":{"rendered":"<p>Le Directeur g\u00e9n\u00e9ral de l\u2019ONDA, Samy Benchikh, a \u00e9t\u00e9 limog\u00e9 pour d\u00e9faillance et mauvaise organisation suite \u00e0 la bousculade qui s\u2019est tourn\u00e9e au drame peu avant le d\u00e9but du concert du rappeur alg\u00e9rien \u00ab Soolking \u00bb, au stade du 20-Ao\u00fbt \u00e0 Alger et qui a cout\u00e9 la vie \u00e0 cinq personnes, dont une fillette de [&hellip;]<\/p>\n","protected":false},"author":1740,"featured_media":0,"comment_status":"closed","ping_status":"closed","sticky":false,"template":"","format":"standard","meta":{"fifu_image_url":"","fifu_image_alt":"","footnotes":""},"categories":[53,76],"tags":[],"class_list":["post-58943","post","type-post","status-publish","format-standard","hentry","category-algerie","category-regions"],"_links":{"self":[{"href":"https:\/\/linitiative.ca\/International\/wp-json\/wp\/v2\/posts\/58943","targetHints":{"allow":["GET"]}}],"collection":[{"href":"https:\/\/linitiative.ca\/International\/wp-json\/wp\/v2\/posts"}],"about":[{"href":"https:\/\/linitiative.ca\/International\/wp-json\/wp\/v2\/types\/post"}],"author":[{"embeddable":true,"href":"https:\/\/linitiative.ca\/International\/wp-json\/wp\/v2\/users\/1740"}],"replies":[{"embeddable":true,"href":"https:\/\/linitiative.ca\/International\/wp-json\/wp\/v2\/comments?post=58943"}],"version-history":[{"count":0,"href":"https:\/\/linitiative.ca\/International\/wp-json\/wp\/v2\/posts\/58943\/revisions"}],"wp:attachment":[{"href":"https:\/\/linitiative.ca\/International\/wp-json\/wp\/v2\/media?parent=58943"}],"wp:term":[{"taxonomy":"category","embeddable":true,"href":"https:\/\/linitiative.ca\/International\/wp-json\/wp\/v2\/categories?post=58943"},{"taxonomy":"post_tag","embeddable":true,"href":"https:\/\/linitiative.ca\/International\/wp-json\/wp\/v2\/tags?post=58943"}],"curies":[{"name":"wp","href":"https:\/\/api.w.org\/{rel}","templated":true}]}}