{"id":58944,"date":"2019-08-23T15:16:00","date_gmt":"2019-08-23T19:16:00","guid":{"rendered":"https:\/\/linitiative.ca\/International\/accuses-de-detournement-de-foncier-a-oran-le-maire-des-senia-et-le-dg-de-lagence-fonciere-en-prison\/"},"modified":"2019-08-23T15:16:00","modified_gmt":"2019-08-23T19:16:00","slug":"accuses-de-detournement-de-foncier-a-oran-le-maire-des-senia-et-le-dg-de-lagence-fonciere-en-prison","status":"publish","type":"post","link":"https:\/\/linitiative.ca\/International\/accuses-de-detournement-de-foncier-a-oran-le-maire-des-senia-et-le-dg-de-lagence-fonciere-en-prison\/","title":{"rendered":"ACCUSES DE DETOURNEMENT DE FONCIER A ORAN : Le maire d&rsquo;Es-Senia et le DG de l\u2019agence fonci\u00e8re en prison"},"content":{"rendered":"<p><br id=\"sep_para_1\" class=\"sep_para access\"\/><\/p>\n<div id=\"para_1\" class=\"para_32671675 resize\">\n<div class=\"photo shadow left\"><a href=\"javascript:void(0)\" rel=\"https:\/\/www.reflexiondz.net\/photo\/art\/grande\/36692398-32671675.jpg?v=1566588906&#038;ibox\" title=\"ACCUSES DE DETOURNEMENT DE FONCIER A ORAN : Le maire d'Es-Senia et le DG de l\u2019agence fonci\u00e8re en prison\"><img decoding=\"async\" class=\"responsive c9\" src=\"https:\/\/www.reflexiondz.net\/photo\/art\/grande\/36692398-32671675.jpg?v=1566588906\" alt=\"ACCUSES DE DETOURNEMENT DE FONCIER A ORAN : Le maire d'Es-Senia et le DG de l\u2019agence fonci\u00e8re en prison\" title=\"ACCUSES DE DETOURNEMENT DE FONCIER A ORAN : Le maire d'Es-Senia et le DG de l\u2019agence fonci\u00e8re en prison\"\/><img decoding=\"async\" class=\"not-responsive\" src=\"https:\/\/www.reflexiondz.net\/photo\/art\/default\/36692398-32671675.jpg?v=1566588908\" alt=\"ACCUSES DE DETOURNEMENT DE FONCIER A ORAN : Le maire d'Es-Senia et le DG de l\u2019agence fonci\u00e8re en prison\" title=\"ACCUSES DE DETOURNEMENT DE FONCIER A ORAN : Le maire d'Es-Senia et le DG de l\u2019agence fonci\u00e8re en prison\"\/><\/a><\/div>\n<div class=\"texte access firstletter\">Jeudi dernier, une trentaine de hauts responsables\u00a0 ont\u00a0 \u00e9t\u00e9 pr\u00e9sent\u00e9s devant\u00a0 le magistrat-instructeur, pr\u00e8s le tribunal de la da\u00efra d\u2019Ain El\u00a0 Turck pour r\u00e9pondre aux diff\u00e9rentes accusations des d\u00e9tournements des assiettes de terrain et autres logements LPA qui ont \u00e9t\u00e9 attribu\u00e9s \u00e0 cette bande de mafia bien organis\u00e9e qui agissait en toute impunit\u00e9 avec la complicit\u00e9 du DG de l&rsquo;agence fonci\u00e8re de la wilaya d&rsquo;Oran,\u00a0 Mebarki Mohamed, en compagnie du maire de la commune d&rsquo;Es-Senia , Bounagua du parti RND qui a \u00e9t\u00e9 cit\u00e9 dans plusieurs affaires de corruption en compagnie de l&rsquo;ex chef de la S\u00fbret\u00e9 de wilaya d\u2019Oran Nouasri Salah qui est entach\u00e9 de plusieurs affaires du foncier et de corruption. Tous les mis en cause ont r\u00e9pondu \u00e0 leurs griefs des diff\u00e9rents d\u00e9tournements du foncier et des logements LPA qui leur ont \u00e9t\u00e9 attribu\u00e9s arbitrairement ont \u00e9t\u00e9 revendus au prix fort se sont enrichis au dos de l&rsquo;Etat. Malheureusement, pour le maire d&rsquo;Es-Senia , Bounagua et du DG de l&rsquo;agence fonci\u00e8re de la wilaya d\u2019Oran ont fait l&rsquo;objet de d\u00e9tention pr\u00e9ventive en attendant leur comparution en audience. Affaire \u00e0 suivre<\/div>\n<\/div>\n<p>Auteur: R\u00e9flexion<br \/>\n<a href=\"https:\/\/www.reflexiondz.net\/ACCUSES-DE-DETOURNEMENT-DE-FONCIER-A-ORAN-Le-maire-d-Es-Senia-et-le-DG-de-l-agence-fonciere-en-prison_a57268.html\">Cliquez ici pour lire l&rsquo;article depuis sa source.<\/a><\/p>\n","protected":false},"excerpt":{"rendered":"<p>Jeudi dernier, une trentaine de hauts responsables\u00a0 ont\u00a0 \u00e9t\u00e9 pr\u00e9sent\u00e9s devant\u00a0 le magistrat-instructeur, pr\u00e8s le tribunal de la da\u00efra d\u2019Ain El\u00a0 Turck pour r\u00e9pondre aux diff\u00e9rentes accusations des d\u00e9tournements des assiettes de terrain et autres logements LPA qui ont \u00e9t\u00e9 attribu\u00e9s \u00e0 cette bande de mafia bien organis\u00e9e qui agissait en toute impunit\u00e9 avec la [&hellip;]<\/p>\n","protected":false},"author":1740,"featured_media":0,"comment_status":"closed","ping_status":"closed","sticky":false,"template":"","format":"standard","meta":{"fifu_image_url":"","fifu_image_alt":"","footnotes":""},"categories":[53,76],"tags":[],"class_list":["post-58944","post","type-post","status-publish","format-standard","hentry","category-algerie","category-regions"],"_links":{"self":[{"href":"https:\/\/linitiative.ca\/International\/wp-json\/wp\/v2\/posts\/58944","targetHints":{"allow":["GET"]}}],"collection":[{"href":"https:\/\/linitiative.ca\/International\/wp-json\/wp\/v2\/posts"}],"about":[{"href":"https:\/\/linitiative.ca\/International\/wp-json\/wp\/v2\/types\/post"}],"author":[{"embeddable":true,"href":"https:\/\/linitiative.ca\/International\/wp-json\/wp\/v2\/users\/1740"}],"replies":[{"embeddable":true,"href":"https:\/\/linitiative.ca\/International\/wp-json\/wp\/v2\/comments?post=58944"}],"version-history":[{"count":0,"href":"https:\/\/linitiative.ca\/International\/wp-json\/wp\/v2\/posts\/58944\/revisions"}],"wp:attachment":[{"href":"https:\/\/linitiative.ca\/International\/wp-json\/wp\/v2\/media?parent=58944"}],"wp:term":[{"taxonomy":"category","embeddable":true,"href":"https:\/\/linitiative.ca\/International\/wp-json\/wp\/v2\/categories?post=58944"},{"taxonomy":"post_tag","embeddable":true,"href":"https:\/\/linitiative.ca\/International\/wp-json\/wp\/v2\/tags?post=58944"}],"curies":[{"name":"wp","href":"https:\/\/api.w.org\/{rel}","templated":true}]}}