{"id":58952,"date":"2019-08-23T12:15:00","date_gmt":"2019-08-23T16:15:00","guid":{"rendered":"https:\/\/linitiative.ca\/International\/abdelkrim-zbidi-comment-je-concois-le-role-de-la-diplomatie-tunisienne\/"},"modified":"2019-08-23T12:15:00","modified_gmt":"2019-08-23T16:15:00","slug":"abdelkrim-zbidi-comment-je-concois-le-role-de-la-diplomatie-tunisienne","status":"publish","type":"post","link":"https:\/\/linitiative.ca\/International\/abdelkrim-zbidi-comment-je-concois-le-role-de-la-diplomatie-tunisienne\/","title":{"rendered":"Abdelkrim Zbidi : comment je con\u00e7ois le r\u00f4le de la diplomatie tunisienne"},"content":{"rendered":"<p>Interrog\u00e9 sur le r\u00f4le que doit jouer la diplomatie tunisienne, le candidat \u00e0 l\u2019\u00e9lection pr\u00e9sidentielle a soulign\u00e9 qu\u2019il resterait fid\u00e8le \u00e0 ses constantes qui remontent \u00e0 Bourguiba et qui se r\u00e9sument \u00e0 quatre points :<\/p>\n<ol>\n<li>l\u2019attachement \u00e0 la l\u00e9galit\u00e9 internationale<\/li>\n<li>la d\u00e9fense des int\u00e9r\u00eats des tunisiens r\u00e9sidents \u00e0 l\u2019\u00e9tranger<\/li>\n<li>la neutralit\u00e9, c\u2019est-\u00e0-dire non immixtion dans les affaires des pays \u00e9trangers<\/li>\n<li>En contrepartie, ne tol\u00e9rer aucune ing\u00e9rence dans nos affaires int\u00e9rieures<\/li>\n<\/ol>\n<p>Il a reconnu que la diplomatie a \u00e9volu\u00e9 devenant\u00a0 une diplomatie\u00a0 d\u2019int\u00e9r\u00eats communs\u00a0 ou se ce qu\u2019on appelle aujourd\u2019hui une diplomatie \u00e9conomique qui repose sur trois pr\u00e9alables : l\u2019ouverture d\u2019ambassades, l\u2019\u00e9tablissement de lignes a\u00e9riennes et maritimes et ouverture de banques \u00e0 l\u2019\u00e9tranger.<\/p>\n<p><strong>Lire aussi:<\/strong><\/p>\n<p><a href=\"https:\/\/www.leaders.com.tn\/article\/27810-abdelkrim-zbidi-au-cas-ou-je-serais-elu-j-amenerai-avec-moi-une-photo-de-mon-fils\" target=\"_blank\" rel=\"noopener noreferrer\">Abdelkrim Zbidi: Au cas o\u00f9 je serais \u00e9lu, j\u2019am\u00e8nerai avec moi au palais de Carthage une photo de mon fils<\/a><br \/><a href=\"https:\/\/www.leaders.com.tn\/article\/27807-abdelkrim-zbidi-pourquoi-je-n-ai-pas-intervenu-dans-l-affaire-de-l-extradition-de-baghdadi-mahmoudi\" target=\"_blank\" rel=\"noopener noreferrer\">Abdelkrim Zbidi : pourquoi je ne suis pas intervenu dans l&rsquo;affaire de l&rsquo;extradition de Baghdadi Mahmoudi<\/a><br \/><a href=\"https:\/\/www.leaders.com.tn\/article\/27804-abdelkarim-zebidi-pourquoi-j-ai-accepte-de-me-presenter-aux-elections-presidentielles\" target=\"_blank\" rel=\"noopener noreferrer\">Abdelkarim Zebidi: pourquoi j&rsquo;ai accept\u00e9 de me pr\u00e9senter aux \u00e9lections pr\u00e9sidentielles<\/a><br \/>\u00a0<\/p>\n<p>\u00a0<\/p>\n<p>Auteur:<br \/>\n<a href=\"https:\/\/www.leaders.com.tn\/article\/27809-abdelkrim-zbidi-comment-je-concois-le-role-de-la-diplomatie-tunisienne\">Cliquez ici pour lire l&rsquo;article depuis sa source.<\/a><\/p>\n","protected":false},"excerpt":{"rendered":"<p>Interrog\u00e9 sur le r\u00f4le que doit jouer la diplomatie tunisienne, le candidat \u00e0 l\u2019\u00e9lection pr\u00e9sidentielle a soulign\u00e9 qu\u2019il resterait fid\u00e8le \u00e0 ses constantes qui remontent \u00e0 Bourguiba et qui se r\u00e9sument \u00e0 quatre points : l\u2019attachement \u00e0 la l\u00e9galit\u00e9 internationale la d\u00e9fense des int\u00e9r\u00eats des tunisiens r\u00e9sidents \u00e0 l\u2019\u00e9tranger la neutralit\u00e9, c\u2019est-\u00e0-dire non immixtion dans [&hellip;]<\/p>\n","protected":false},"author":1772,"featured_media":0,"comment_status":"closed","ping_status":"closed","sticky":false,"template":"","format":"standard","meta":{"fifu_image_url":"","fifu_image_alt":"","footnotes":""},"categories":[73,55],"tags":[],"class_list":["post-58952","post","type-post","status-publish","format-standard","hentry","category-actualite","category-tunisie"],"_links":{"self":[{"href":"https:\/\/linitiative.ca\/International\/wp-json\/wp\/v2\/posts\/58952","targetHints":{"allow":["GET"]}}],"collection":[{"href":"https:\/\/linitiative.ca\/International\/wp-json\/wp\/v2\/posts"}],"about":[{"href":"https:\/\/linitiative.ca\/International\/wp-json\/wp\/v2\/types\/post"}],"author":[{"embeddable":true,"href":"https:\/\/linitiative.ca\/International\/wp-json\/wp\/v2\/users\/1772"}],"replies":[{"embeddable":true,"href":"https:\/\/linitiative.ca\/International\/wp-json\/wp\/v2\/comments?post=58952"}],"version-history":[{"count":0,"href":"https:\/\/linitiative.ca\/International\/wp-json\/wp\/v2\/posts\/58952\/revisions"}],"wp:attachment":[{"href":"https:\/\/linitiative.ca\/International\/wp-json\/wp\/v2\/media?parent=58952"}],"wp:term":[{"taxonomy":"category","embeddable":true,"href":"https:\/\/linitiative.ca\/International\/wp-json\/wp\/v2\/categories?post=58952"},{"taxonomy":"post_tag","embeddable":true,"href":"https:\/\/linitiative.ca\/International\/wp-json\/wp\/v2\/tags?post=58952"}],"curies":[{"name":"wp","href":"https:\/\/api.w.org\/{rel}","templated":true}]}}