{"id":58982,"date":"2019-08-23T11:52:44","date_gmt":"2019-08-23T15:52:44","guid":{"rendered":"https:\/\/linitiative.ca\/International\/decentralisation-le-minepat-a-couteaux-tires-avec-les-mairies\/"},"modified":"2019-08-23T11:52:44","modified_gmt":"2019-08-23T15:52:44","slug":"decentralisation-le-minepat-a-couteaux-tires-avec-les-mairies","status":"publish","type":"post","link":"https:\/\/linitiative.ca\/International\/decentralisation-le-minepat-a-couteaux-tires-avec-les-mairies\/","title":{"rendered":"D\u00e9centralisation : le Minepat \u00e0 couteaux tir\u00e9s avec les Mairies"},"content":{"rendered":"<p>15 ans apr\u00e8s la mise en \u0153uvre officielle de la d\u00e9centralisation au Cameroun, de nombreuses faiblesses et manquements plombent ce processus lanc\u00e9 \u00e0 la faveur des lois d\u2019orientation\u00a0 de la d\u00e9centralisation et celle fixant les r\u00e8gles applicables aux communes. D\u2019o\u00f9 la tenue de la premi\u00e8re session ordinaire du <strong>conseil national de la d\u00e9centralisation<\/strong> au titre de l\u2019ann\u00e9e 2018, le 7 ao\u00fbt 2018. Officiellement \u00ab<em>pour rem\u00e9dier aux probl\u00e8mes de transfert des comp\u00e9tences et des ressources de l\u2019Etat central vers les CTD\u00bb<\/em>, justifie <strong>Gabriel Amougou<\/strong>, le sous-directeur de suivi des projets au minist\u00e8re de l\u2019Economie, de la planification et de l\u2019Am\u00e9nagement du Territoire (Minepat).<\/p>\n<p>En effet, toujours d\u2019apr\u00e8s l\u2019expert \u00ab<em>il a \u00e9t\u00e9 observ\u00e9 que les administrations transf\u00e9raient des projets aux CTD au lieu des dotations leur permettant d\u2019exercer pleinement les comp\u00e9tences qui leur ont \u00e9t\u00e9 transf\u00e9r\u00e9es<\/em>\u00bb. Le Gouvernement a ainsi engag\u00e9 depuis 2018, une importante r\u00e9forme du m\u00e9canisme de budg\u00e9tisation des ressources d\u2019investissement public transf\u00e9r\u00e9es aux CTD. R\u00e9forme traduite par l\u2019\u00e9laboration d\u2019un nouveau <em>\u00abmode op\u00e9ratoire de budg\u00e9tisation et de suivi des ressources d\u2019investissement public transf\u00e9r\u00e9es aux CTD<\/em> \u00bb, suite au Conseil national de la d\u00e9centralisation de 2018.<\/p>\n<p>C\u2019est dans ce cadre global des activit\u00e9s pr\u00e9paratoires de la r\u00e9forme des finances publiques 2019\/2021, qu\u2019en collaboration avec le minist\u00e8re de la D\u00e9centralisation et du D\u00e9veloppement local (Minddevel), le Minepat organise au profit des CTD, des ateliers de formation des administrations sur ce nouveau mode op\u00e9ratoire de budg\u00e9tisation. Celles du d\u00e9partement du Wouri \u00e9tait r\u00e9uni autour des th\u00e8mes: \u00ab<em>Fondement de la r\u00e9forme sur la budg\u00e9tisation, l\u2019ex\u00e9cution et le suivi des ressources d\u2019investissement public transf\u00e9r\u00e9es aux CTD<\/em>\u00bb, \u00ab<em>Acteurs et r\u00f4les dans le dispositif r\u00e9nov\u00e9 de budg\u00e9tisation des ressources transf\u00e9r\u00e9es en investissement transf\u00e9r\u00e9es\u00a0 aux CTD<\/em>\u00bb.<\/p>\n<p>La concertation a laiss\u00e9 \u00e9clater au grand jour les divergences entre l\u2019Etat central et les mairies du Cameroun : transfert des comp\u00e9tences sans ressources, insuffisance et lenteur des ressources transf\u00e9r\u00e9es, projets inscrits ne refl\u00e9tant pas les besoins des populations, faible maturation des projets des CTD, absence ou manque de ressources humaines comp\u00e9tentes au sein des CTD, etc., un v\u00e9ritable chass\u00e9-crois\u00e9 entre ces deux groupes d\u2019acteurs de la d\u00e9centralisation. D\u2019apr\u00e8s <strong>Gabriel Amougou<\/strong>, \u00ab<em>4\/10 maires modifient leurs projets lorsqu\u2019ils sont d\u00e9j\u00e0 inscrits dans le journal des projets<\/em>\u00bb. <strong>Gustave Ebanda<\/strong>, maire de Douala 5, justifie cet \u00e9tat de fait: \u00ab<em>il peut arriver en effet que des projets subissent des modifications. Ceci n\u2019est pas d\u00fb aux projets non-matures venant des CTD. Mais parfois parce que certains projets sont inscrits sans consultation \u00e0 la base<\/em>\u00bb. Sur le banc des accus\u00e9s, \u00ab<em>des ministres qui envoient des projets depuis la capitale au m\u00e9pris des r\u00e9alit\u00e9s des populations<\/em> \u00bb, accuse <strong>Francois Soman,<\/strong> le maire de Pouma.<\/p>\n<p><em>\u00ab L\u2019ambition de cette r\u00e9forme a \u00e9t\u00e9 de changer le m\u00e9canisme de transfert des ressources d\u2019investissement public aux CTD, en privil\u00e9giant l\u2019approche dotation plut\u00f4t que l\u2019approche projet qui pr\u00e9valait jusqu\u2019en 2018<\/em>\u00bb. Dans la pratique, les innovations induites par ce dispositif r\u00e9nov\u00e9 sont l\u2019octroi \u00e0 toutes les communes de la Dotation g\u00e9n\u00e9rale de la D\u00e9centralisation (DGD), volet Investissement, sous forme de dotation, le transfert par comp\u00e9tence et sous forme de dotation des ressources du Bip des administrations sectorielles aux CTD, ainsi qu\u2019une plus grande responsabilisation des CTD dans l\u2019\u00e9laboration du Journal des projets. Au terme de d\u00e9bats houleux, plusieurs recommandations seront formul\u00e9es dont celle portant sur la convocation par chaque mairie, d\u2019une session extraordinaire de leur conseil municipal, d\u2019apr\u00e8s Gabriel Amougou, \u00e0 l\u2019effet \u00ab<em>d\u2019ajuster la liste des projets en fonction des contraintes budg\u00e9taires qui seront examin\u00e9s au cours de ladite session\u00bb<\/em>.<\/p>\n<div class=\"about-author about-author-box container-wrapper\">\n<div class=\"author-avatar\">\n<p><img decoding=\"async\" src=\"http:\/\/\" alt=\"\"\/><\/p>\n<\/div>\n<p><h4>La R\u00e9daction EcoMatin<\/h4>\n<\/p>\n<\/div>\n<div class=\"awac-wrapper awac widget blog_subscription-2\">\n<h4 class=\"widget-title\">Abonnez-vous \u00e0 notre lettre d&rsquo;information<\/h4>\n<\/div>\n<p>Auteur: EcoMatin<br \/>\n<a href=\"https:\/\/ecomatin.net\/decentralisation-le-minepat-a-couteaux-tires-avec-les-mairies\/\">Cliquez ici pour lire l&rsquo;article depuis sa source.<\/a><\/p>\n","protected":false},"excerpt":{"rendered":"<p>15 ans apr\u00e8s la mise en \u0153uvre officielle de la d\u00e9centralisation au Cameroun, de nombreuses faiblesses et manquements plombent ce processus lanc\u00e9 \u00e0 la faveur des lois d\u2019orientation\u00a0 de la d\u00e9centralisation et celle fixant les r\u00e8gles applicables aux communes. D\u2019o\u00f9 la tenue de la premi\u00e8re session ordinaire du conseil national de la d\u00e9centralisation au titre [&hellip;]<\/p>\n","protected":false},"author":1969,"featured_media":0,"comment_status":"closed","ping_status":"closed","sticky":false,"template":"","format":"standard","meta":{"fifu_image_url":"","fifu_image_alt":"","footnotes":""},"categories":[82,78],"tags":[],"class_list":["post-58982","post","type-post","status-publish","format-standard","hentry","category-cameroun","category-economie"],"_links":{"self":[{"href":"https:\/\/linitiative.ca\/International\/wp-json\/wp\/v2\/posts\/58982","targetHints":{"allow":["GET"]}}],"collection":[{"href":"https:\/\/linitiative.ca\/International\/wp-json\/wp\/v2\/posts"}],"about":[{"href":"https:\/\/linitiative.ca\/International\/wp-json\/wp\/v2\/types\/post"}],"author":[{"embeddable":true,"href":"https:\/\/linitiative.ca\/International\/wp-json\/wp\/v2\/users\/1969"}],"replies":[{"embeddable":true,"href":"https:\/\/linitiative.ca\/International\/wp-json\/wp\/v2\/comments?post=58982"}],"version-history":[{"count":0,"href":"https:\/\/linitiative.ca\/International\/wp-json\/wp\/v2\/posts\/58982\/revisions"}],"wp:attachment":[{"href":"https:\/\/linitiative.ca\/International\/wp-json\/wp\/v2\/media?parent=58982"}],"wp:term":[{"taxonomy":"category","embeddable":true,"href":"https:\/\/linitiative.ca\/International\/wp-json\/wp\/v2\/categories?post=58982"},{"taxonomy":"post_tag","embeddable":true,"href":"https:\/\/linitiative.ca\/International\/wp-json\/wp\/v2\/tags?post=58982"}],"curies":[{"name":"wp","href":"https:\/\/api.w.org\/{rel}","templated":true}]}}