{"id":58992,"date":"2019-08-24T10:28:00","date_gmt":"2019-08-24T14:28:00","guid":{"rendered":"https:\/\/linitiative.ca\/International\/meriem-merdaci-nest-plus-ministre-de-la-culture\/"},"modified":"2019-08-24T10:28:00","modified_gmt":"2019-08-24T14:28:00","slug":"meriem-merdaci-nest-plus-ministre-de-la-culture","status":"publish","type":"post","link":"https:\/\/linitiative.ca\/International\/meriem-merdaci-nest-plus-ministre-de-la-culture\/","title":{"rendered":"Meriem Merdaci n\u2019est plus ministre de la Culture"},"content":{"rendered":"<div id=\"originalText\" readability=\"48\">\n<p>La ministre de la Culture, Meriem Merdaci, a\u00a0 pr\u00e9sent\u00e9 samedi sa d\u00e9mission au chef de l&rsquo;Etat, Abdelkader Bensalah qui l&rsquo;a\u00a0 accept\u00e9e, indique un communiqu\u00e9 de la pr\u00e9sidence de la R\u00e9publique, r\u00e9percut\u00e9 par l\u2019APS.<\/p>\n<p>Sa d\u00e9mission serait en rapport avec le drame survenu jeudi dernier, lors du concert donn\u00e9 par Soolking, \u00e0 Alger.\u00a0<\/p>\n<p>Meriem Merdaci avait \u00e9t\u00e9 nomm\u00e9e au poste de ministre de la Culture en avril\u00a0 dernier, rappelle la m\u00eame source.<\/p>\n<p class=\"c10\"><strong>R\u00e9daction Web \u00a0<\/strong><\/p>\n<\/div>\n<div id=\"text_core\" readability=\"48\">\n<p>La ministre de la Culture, Meriem Merdaci, a\u00a0 pr\u00e9sent\u00e9 samedi sa d\u00e9mission au chef de l&rsquo;Etat, Abdelkader Bensalah qui l&rsquo;a\u00a0 accept\u00e9e, indique un communiqu\u00e9 de la pr\u00e9sidence de la R\u00e9publique, r\u00e9percut\u00e9 par l\u2019APS.<\/p>\n<p>Sa d\u00e9mission serait en rapport avec le drame survenu jeudi dernier, lors du concert donn\u00e9 par Soolking, \u00e0 Alger.\u00a0<\/p>\n<p>Meriem Merdaci avait \u00e9t\u00e9 nomm\u00e9e au poste de ministre de la Culture en avril\u00a0 dernier, rappelle la m\u00eame source.<\/p>\n<p class=\"c10\"><strong>R\u00e9daction Web \u00a0<\/strong><\/p>\n<\/div>\n<p>Auteur:<br \/>\n<a href=\"https:\/\/www.liberte-algerie.com\/actualite\/meriem-merdaci-nest-plus-ministre-de-la-culture-322474\">Cliquez ici pour lire l&rsquo;article depuis sa source.<\/a><\/p>\n","protected":false},"excerpt":{"rendered":"<p>La ministre de la Culture, Meriem Merdaci, a\u00a0 pr\u00e9sent\u00e9 samedi sa d\u00e9mission au chef de l&rsquo;Etat, Abdelkader Bensalah qui l&rsquo;a\u00a0 accept\u00e9e, indique un communiqu\u00e9 de la pr\u00e9sidence de la R\u00e9publique, r\u00e9percut\u00e9 par l\u2019APS. Sa d\u00e9mission serait en rapport avec le drame survenu jeudi dernier, lors du concert donn\u00e9 par Soolking, \u00e0 Alger.\u00a0 Meriem Merdaci avait [&hellip;]<\/p>\n","protected":false},"author":1742,"featured_media":0,"comment_status":"closed","ping_status":"closed","sticky":false,"template":"","format":"standard","meta":{"fifu_image_url":"","fifu_image_alt":"","footnotes":""},"categories":[73,53],"tags":[],"class_list":["post-58992","post","type-post","status-publish","format-standard","hentry","category-actualite","category-algerie"],"_links":{"self":[{"href":"https:\/\/linitiative.ca\/International\/wp-json\/wp\/v2\/posts\/58992","targetHints":{"allow":["GET"]}}],"collection":[{"href":"https:\/\/linitiative.ca\/International\/wp-json\/wp\/v2\/posts"}],"about":[{"href":"https:\/\/linitiative.ca\/International\/wp-json\/wp\/v2\/types\/post"}],"author":[{"embeddable":true,"href":"https:\/\/linitiative.ca\/International\/wp-json\/wp\/v2\/users\/1742"}],"replies":[{"embeddable":true,"href":"https:\/\/linitiative.ca\/International\/wp-json\/wp\/v2\/comments?post=58992"}],"version-history":[{"count":0,"href":"https:\/\/linitiative.ca\/International\/wp-json\/wp\/v2\/posts\/58992\/revisions"}],"wp:attachment":[{"href":"https:\/\/linitiative.ca\/International\/wp-json\/wp\/v2\/media?parent=58992"}],"wp:term":[{"taxonomy":"category","embeddable":true,"href":"https:\/\/linitiative.ca\/International\/wp-json\/wp\/v2\/categories?post=58992"},{"taxonomy":"post_tag","embeddable":true,"href":"https:\/\/linitiative.ca\/International\/wp-json\/wp\/v2\/tags?post=58992"}],"curies":[{"name":"wp","href":"https:\/\/api.w.org\/{rel}","templated":true}]}}