{"id":58997,"date":"2019-08-24T13:56:57","date_gmt":"2019-08-24T17:56:57","guid":{"rendered":"https:\/\/linitiative.ca\/International\/annaba-installation-du-nouveau-chef-de-surete-de-wilaya\/"},"modified":"2019-08-24T13:56:57","modified_gmt":"2019-08-24T17:56:57","slug":"annaba-installation-du-nouveau-chef-de-surete-de-wilaya","status":"publish","type":"post","link":"https:\/\/linitiative.ca\/International\/annaba-installation-du-nouveau-chef-de-surete-de-wilaya\/","title":{"rendered":"Annaba : installation du nouveau chef de s\u00fbret\u00e9 de wilaya"},"content":{"rendered":"<div>\n<div class=\"K2FeedIntroText\">\n<p><strong>ANNABA &#8211; Le contr\u00f4leur de police, directeur de l&rsquo;administration g\u00e9n\u00e9rale aupr\u00e8s de la Direction g\u00e9n\u00e9rale de la S\u00fbret\u00e9 nationale (DGSN), Badreddine Sifi, a proc\u00e9d\u00e9 samedi \u00e0 Annaba \u00e0 l&rsquo;installation de Kamerezamane Bouibi, dans ses nouvelles fonctions de chef de s\u00fbret\u00e9 de wilaya en remplacement du chef de s\u00fbret\u00e9 int\u00e9rimaire, Torki Kheldoune.<\/strong><\/p>\n<\/div>\n<div class=\"K2FeedFullText\">\n<p>Au cours de cette c\u00e9r\u00e9monie, le contr\u00f4leur de police, repr\u00e9sentant du directeur g\u00e9n\u00e9ral de la S\u00fbret\u00e9 nationale a appel\u00e9 \u00e0 jeter davantage de ponts de coordination et de coop\u00e9ration entre les diff\u00e9rents services du corps de la police, pour \u00ab\u00a0une meilleure protection des citoyens et du pays contre tous les fl\u00e9aux\u00a0\u00bb.<\/p>\n<p>Soulignant que la ressource humaine constitue \u00ab\u00a0l&rsquo;\u00e9pine dorsale\u00a0\u00bb de la politique de d\u00e9veloppement et de modernisation de la S\u00fbret\u00e9 national, M. Sifi a encourag\u00e9 les jeunes comp\u00e9tences du corps de la police \u00e0 s&rsquo;impr\u00e9gner des exp\u00e9riences de leurs ain\u00e9s \u00ab\u00a0pour r\u00e9pondre aux attentes des citoyens et du pays\u00a0\u00bb.<\/p>\n<p>Cette c\u00e9r\u00e9monie a \u00e9t\u00e9 tenue en pr\u00e9sence des autorit\u00e9s locales civiles et militaires.<\/p>\n<\/div>\n<\/div>\n<p>Auteur:<br \/>\n<a href=\"http:\/\/www.aps.dz\/regions\/93545-annaba-installation-du-nouveau-chef-de-surete-de-wilaya\">Cliquez ici pour lire l&rsquo;article depuis sa source.<\/a><\/p>\n","protected":false},"excerpt":{"rendered":"<p>ANNABA &#8211; Le contr\u00f4leur de police, directeur de l&rsquo;administration g\u00e9n\u00e9rale aupr\u00e8s de la Direction g\u00e9n\u00e9rale de la S\u00fbret\u00e9 nationale (DGSN), Badreddine Sifi, a proc\u00e9d\u00e9 samedi \u00e0 Annaba \u00e0 l&rsquo;installation de Kamerezamane Bouibi, dans ses nouvelles fonctions de chef de s\u00fbret\u00e9 de wilaya en remplacement du chef de s\u00fbret\u00e9 int\u00e9rimaire, Torki Kheldoune. Au cours de cette [&hellip;]<\/p>\n","protected":false},"author":1790,"featured_media":0,"comment_status":"closed","ping_status":"closed","sticky":false,"template":"","format":"standard","meta":{"fifu_image_url":"","fifu_image_alt":"","footnotes":""},"categories":[53,76],"tags":[],"class_list":["post-58997","post","type-post","status-publish","format-standard","hentry","category-algerie","category-regions"],"_links":{"self":[{"href":"https:\/\/linitiative.ca\/International\/wp-json\/wp\/v2\/posts\/58997","targetHints":{"allow":["GET"]}}],"collection":[{"href":"https:\/\/linitiative.ca\/International\/wp-json\/wp\/v2\/posts"}],"about":[{"href":"https:\/\/linitiative.ca\/International\/wp-json\/wp\/v2\/types\/post"}],"author":[{"embeddable":true,"href":"https:\/\/linitiative.ca\/International\/wp-json\/wp\/v2\/users\/1790"}],"replies":[{"embeddable":true,"href":"https:\/\/linitiative.ca\/International\/wp-json\/wp\/v2\/comments?post=58997"}],"version-history":[{"count":0,"href":"https:\/\/linitiative.ca\/International\/wp-json\/wp\/v2\/posts\/58997\/revisions"}],"wp:attachment":[{"href":"https:\/\/linitiative.ca\/International\/wp-json\/wp\/v2\/media?parent=58997"}],"wp:term":[{"taxonomy":"category","embeddable":true,"href":"https:\/\/linitiative.ca\/International\/wp-json\/wp\/v2\/categories?post=58997"},{"taxonomy":"post_tag","embeddable":true,"href":"https:\/\/linitiative.ca\/International\/wp-json\/wp\/v2\/tags?post=58997"}],"curies":[{"name":"wp","href":"https:\/\/api.w.org\/{rel}","templated":true}]}}