{"id":58998,"date":"2019-08-23T18:20:18","date_gmt":"2019-08-23T22:20:18","guid":{"rendered":"https:\/\/linitiative.ca\/International\/inauguration-dune-residence-universitaire-a-oujda\/"},"modified":"2019-08-23T18:20:18","modified_gmt":"2019-08-23T22:20:18","slug":"inauguration-dune-residence-universitaire-a-oujda","status":"publish","type":"post","link":"https:\/\/linitiative.ca\/International\/inauguration-dune-residence-universitaire-a-oujda\/","title":{"rendered":"Inauguration d\u2019une r\u00e9sidence universitaire \u00e0 Oujda"},"content":{"rendered":"<p class=\"c1\">Une nouvelle r\u00e9sidence pour \u00e9tudiantes d\u2019une capacit\u00e9 d\u2019accueil de 504 lits a \u00e9t\u00e9 inaugur\u00e9e, r\u00e9cemment \u00e0 Oujda, en pr\u00e9sence du wali de la r\u00e9gion de l\u2019Oriental et gouverneur de la pr\u00e9fecture d\u2019Oujda-Angad, Mouad El Jamai.<\/p>\n<p class=\"c1\">Inaugur\u00e9e dans le cadre de la c\u00e9l\u00e9bration de la F\u00eate de la Jeunesse et de la comm\u00e9moration de l\u2019anniversaire de la R\u00e9volution du Roi et du Peuple, cette nouvelle structure ayant n\u00e9cessit\u00e9 un investissement de l\u2019ordre de 27,4 millions de dirhams (MDH) comprend plusieurs d\u00e9pendances, dont une infirmerie, des salles de lecture, une administration et une salle de r\u00e9union, indique un communiqu\u00e9 de la Wilaya de l\u2019Oriental.<\/p>\n<p class=\"c1\">Etal\u00e9e sur une superficie de 12.000 m2, cette r\u00e9sidence baptis\u00e9e \u00a0\u00bbAl Irfane\u00a0\u00bb, compte 252 chambres \u00e9quip\u00e9es et est destin\u00e9e \u00e0 r\u00e9soudre le probl\u00e8me d\u2019h\u00e9bergement pour un grand nombre d\u2019\u00e9tudiantes issues des diff\u00e9rentes fili\u00e8res universitaires et \u00e9coles sup\u00e9rieures et leur offrir des conditions d\u2019\u00e9tude et d\u2019enseignement ad\u00e9quates.<\/p>\n<p class=\"c1\">Destin\u00e9e notamment aux \u00e9tudiantes issues de milieux d\u00e9favoris\u00e9s, ce nouveau projet s\u2019inscrit dans le cadre d\u2019une coop\u00e9ration entre le Centre d\u2019Etudes et de Recherches Humaines et Sociales d\u2019Oujda (CERHSO), l\u2019Agence de l\u2019Oriental et l\u2019Initiative nationale pour le d\u00e9veloppement humain (INDH), pr\u00e9cise la m\u00eame source.<\/p>\n<p class=\"c1\">Par la m\u00eame occasion, M. El Jamai a proc\u00e9d\u00e9 \u00e9galement \u00e0 la remise d\u2019une unit\u00e9 m\u00e9dicale mobile d\u2019un co\u00fbt global de 3,8 MDH \u00e0 la direction provinciale de la Sant\u00e9. Le but est de rapprocher les services de soins des habitants en milieu rural.<\/p>\n<p class=\"c1\">Et pour lutter contre la d\u00e9perdition scolaire notamment chez les filles, le wali et la d\u00e9l\u00e9gation l\u2019accompagnant, a proc\u00e9d\u00e9, \u00e0 la commune de Beni Drar, \u00e0 l\u2019inauguration d\u2019une Maison de l\u2019\u00e9tudiante \u00ab\u00a0Dar Attaliba\u00a0\u00bb r\u00e9alis\u00e9e pour un budget de 5,44 MDH, dont une contribution de l\u2019INDH de l\u2019ordre de 2,64 MDH.<\/p>\n<p class=\"c1\">D\u2019une capacit\u00e9 d\u2019accueil de 100 b\u00e9n\u00e9ficiaires, cette structure, d\u2019une superficie de plus de 1.200 m2, comprend des salles de lecture, un restaurant, une salle multi-m\u00e9dia et une biblioth\u00e8que.<\/p>\n<p>Auteur: Soufiane ELAHMAR<br \/>\n<a href=\"http:\/\/www.mapoujda.ma\/fr\/inauguration-dune-residence-universitaire-a-oujda\/\">Cliquez ici pour lire l&rsquo;article depuis sa source.<\/a><\/p>\n","protected":false},"excerpt":{"rendered":"<p>Une nouvelle r\u00e9sidence pour \u00e9tudiantes d\u2019une capacit\u00e9 d\u2019accueil de 504 lits a \u00e9t\u00e9 inaugur\u00e9e, r\u00e9cemment \u00e0 Oujda, en pr\u00e9sence du wali de la r\u00e9gion de l\u2019Oriental et gouverneur de la pr\u00e9fecture d\u2019Oujda-Angad, Mouad El Jamai. Inaugur\u00e9e dans le cadre de la c\u00e9l\u00e9bration de la F\u00eate de la Jeunesse et de la comm\u00e9moration de l\u2019anniversaire de [&hellip;]<\/p>\n","protected":false},"author":1788,"featured_media":0,"comment_status":"closed","ping_status":"closed","sticky":false,"template":"","format":"standard","meta":{"fifu_image_url":"","fifu_image_alt":"","footnotes":""},"categories":[54,76],"tags":[],"class_list":["post-58998","post","type-post","status-publish","format-standard","hentry","category-maroc","category-regions"],"_links":{"self":[{"href":"https:\/\/linitiative.ca\/International\/wp-json\/wp\/v2\/posts\/58998","targetHints":{"allow":["GET"]}}],"collection":[{"href":"https:\/\/linitiative.ca\/International\/wp-json\/wp\/v2\/posts"}],"about":[{"href":"https:\/\/linitiative.ca\/International\/wp-json\/wp\/v2\/types\/post"}],"author":[{"embeddable":true,"href":"https:\/\/linitiative.ca\/International\/wp-json\/wp\/v2\/users\/1788"}],"replies":[{"embeddable":true,"href":"https:\/\/linitiative.ca\/International\/wp-json\/wp\/v2\/comments?post=58998"}],"version-history":[{"count":0,"href":"https:\/\/linitiative.ca\/International\/wp-json\/wp\/v2\/posts\/58998\/revisions"}],"wp:attachment":[{"href":"https:\/\/linitiative.ca\/International\/wp-json\/wp\/v2\/media?parent=58998"}],"wp:term":[{"taxonomy":"category","embeddable":true,"href":"https:\/\/linitiative.ca\/International\/wp-json\/wp\/v2\/categories?post=58998"},{"taxonomy":"post_tag","embeddable":true,"href":"https:\/\/linitiative.ca\/International\/wp-json\/wp\/v2\/tags?post=58998"}],"curies":[{"name":"wp","href":"https:\/\/api.w.org\/{rel}","templated":true}]}}