{"id":58999,"date":"2019-08-24T08:23:36","date_gmt":"2019-08-24T12:23:36","guid":{"rendered":"https:\/\/linitiative.ca\/International\/le-festival-des-figues-daghbal-a-sa-3e-edition\/"},"modified":"2019-08-24T08:23:36","modified_gmt":"2019-08-24T12:23:36","slug":"le-festival-des-figues-daghbal-a-sa-3e-edition","status":"publish","type":"post","link":"https:\/\/linitiative.ca\/International\/le-festival-des-figues-daghbal-a-sa-3e-edition\/","title":{"rendered":"Le Festival des figues d\u2019Aghbal \u00e0 sa 3e \u00e9dition"},"content":{"rendered":"<p class=\"c1\">Le coup d\u2019envoi de la 3\u00e8me \u00e9dition du Festival des figues a \u00e9t\u00e9 donn\u00e9, vendredi soir \u00e0 la commune d\u2019Aghbal dans la province de Berkane, avec pour principaux objectifs la valorisation de ce produit et la promotion de sa qualit\u00e9 et de ses vari\u00e9t\u00e9s.<\/p>\n<p class=\"c1\">Pour ses promoteurs, cet \u00e9v\u00e8nement entend mettre en avant les potentialit\u00e9s de cette fili\u00e8re dans cette r\u00e9gion, favoriser l\u2019\u00e9change d\u2019exp\u00e9riences et d\u2019expertises entre les agriculteurs et les professionnels et prospecter les moyens de d\u00e9velopper la culture du figuier, notamment \u00e0 travers la plantation, l\u2019organisation professionnelle et l\u2019encadrement des producteurs.<\/p>\n<p class=\"c1\">Cette manifestation socio-\u00e9conomique, dont la c\u00e9r\u00e9monie d\u2019ouverture s\u2019est d\u00e9roul\u00e9e en pr\u00e9sence du Secr\u00e9taire g\u00e9n\u00e9ral du minist\u00e8re de l\u2019Agriculture, de la P\u00eache maritime, du D\u00e9veloppement rural et des Eaux et For\u00eats, Mohamed Sadiki, a pour objectif aussi de faire conna\u00eetre les potentialit\u00e9s touristique de la commune d\u2019Aghbal et ses sp\u00e9cificit\u00e9s culturelle, artistique et naturelle.<\/p>\n<p class=\"c1\">Initi\u00e9e par la coop\u00e9rative Gharmawne et l\u2019association Gharmawne des producteurs des figues et du d\u00e9veloppement agricole, cette 3e \u00e9dition enregistre la participation de plusieurs coop\u00e9ratives venues exposer leurs produits du terroir.<\/p>\n<p class=\"c1\">M. Sadiki \u00e0 soulign\u00e9 \u00e0 cette occasion que ce festival se veut un haut lieu de rencontres et d\u2019\u00e9changes entre les consommateurs et les producteurs de figues dans la r\u00e9gion de l\u2019Oriental en g\u00e9n\u00e9ral, et dans la province de Berkane en particulier, ainsi qu\u2019une opportunit\u00e9 pour promouvoir et commercialiser ce produit \u00e0 haute valeur nutritive, et pour montrer les atouts naturels et culturels de cette province.<\/p>\n<p class=\"c1\">Il a ajout\u00e9 dans une d\u00e9claration \u00e0 la presse que quelque 30 coop\u00e9ratives agricoles des produits du terroir ont fait le d\u00e9placement pour participer \u00e0 cet \u00e9v\u00e8nement qui permet aussi d\u2019exposer les efforts d\u00e9ploy\u00e9s dans le cadre du Plan Maroc Vert (PMV) pour d\u00e9velopper la fili\u00e8re de figuier, augmenter la production et la qualit\u00e9, et booster la commercialisation \u00e0 l\u2019\u00e9chelon national et international.<\/p>\n<p><img class=\"wp-image-13900 aligncenter\" data-src=\"http:\/\/www.mapoujda.ma\/map\/uploads\/2019\/08\/M.Sadiki-en-visite-au-stand-du-festival-M750\u00d7430-MAP.jpg\" alt=\"\" width=\"523\" height=\"300\" srcset=\"http:\/\/www.mapoujda.ma\/map\/uploads\/2019\/08\/M.Sadiki-en-visite-au-stand-du-festival-M750\u00d7430-MAP.jpg 750w, http:\/\/www.mapoujda.ma\/map\/uploads\/2019\/08\/M.Sadiki-en-visite-au-stand-du-festival-M750\u00d7430-MAP-300x172.jpg 300w\" sizes=\"(max-width: 523px) 100vw, 523px\"\/><\/p>\n<p class=\"c1\">Et de poursuivre que cette culture qui conna\u00eet une croissance remarquable occupe une superficie d\u2019environ 61.500 hectares au niveau national et fournit une production de pr\u00e8s de 130.000 tonnes.<\/p>\n<p class=\"c1\">Au niveau de la r\u00e9gion de l\u2019Oriental, la superficie r\u00e9serv\u00e9e \u00e0 cette fili\u00e8re s\u2019\u00e9l\u00e8ve \u00e0 quelque 1.283 hectares avec un rendement annuel \u00e9valu\u00e9 \u00e0 4.377 tonnes, a-t-il fait savoir, notant que dans la province de Berkane le figuier occupe une superficie de 228 hectares avec une production de 2.070 tonnes.<\/p>\n<p class=\"c1\">M. Sadiki a soulign\u00e9 dans ce sens qu\u2019en raison de l\u2019importance de cette fili\u00e8re, il sera proc\u00e9d\u00e9 \u00e0 la r\u00e9alisation dans le cadre du pilier II du PMV d\u2019un projet de plantation de 100 hectares de figuiers au niveau du territoire de la commune d\u2019Aghbal.<\/p>\n<p class=\"c1\">Il a aussi annonc\u00e9 la cr\u00e9ation d\u2019une unit\u00e9 pour le s\u00e9chage de 200 tonnes de figues par an et l\u2019emballage de quelque 1.200 tonnes de figues fra\u00eeches par an.<\/p>\n<p class=\"c1\">Outre des stands qui pr\u00e9sentent aux visiteurs les diff\u00e9rentes vari\u00e9t\u00e9s de figues et la diversit\u00e9 des produits du terroir (huile d\u2019olives, miel, argan\u2026) dont jouit cette r\u00e9gion, le programme de cette manifestation (23-25 ao\u00fbt) pr\u00e9voit des activit\u00e9s artistiques et sportives et des rencontres et expos\u00e9s ax\u00e9s sur la culture du figuier et les moyens et opportunit\u00e9s offerts pour d\u00e9velopper et valoriser cette fili\u00e8re.<\/p>\n<p class=\"c1\">Ce festival est organis\u00e9 sous l\u2019\u00e9gide du minist\u00e8re de l\u2019Agriculture, en partenariat avec l\u2019Office national du conseil agricole (ONCA), la Direction r\u00e9gionale de l\u2019Agriculture, la Chambre r\u00e9gionale d\u2019Agriculture, et en coop\u00e9ration avec la province de Berkane, l\u2019NDH, l\u2019Agence de d\u00e9veloppement de l\u2019Oriental, les Conseils r\u00e9gional et provincial, la commune d\u2019Aghbal et d\u2019autres acteurs.<\/p>\n<p>Auteur: Soufiane ELAHMAR<br \/>\n<a href=\"http:\/\/www.mapoujda.ma\/fr\/le-festival-des-figues-daghbal-a-sa-3e-edition\/\">Cliquez ici pour lire l&rsquo;article depuis sa source.<\/a><\/p>\n","protected":false},"excerpt":{"rendered":"<p>Le coup d\u2019envoi de la 3\u00e8me \u00e9dition du Festival des figues a \u00e9t\u00e9 donn\u00e9, vendredi soir \u00e0 la commune d\u2019Aghbal dans la province de Berkane, avec pour principaux objectifs la valorisation de ce produit et la promotion de sa qualit\u00e9 et de ses vari\u00e9t\u00e9s. Pour ses promoteurs, cet \u00e9v\u00e8nement entend mettre en avant les potentialit\u00e9s [&hellip;]<\/p>\n","protected":false},"author":1788,"featured_media":59000,"comment_status":"closed","ping_status":"closed","sticky":false,"template":"","format":"standard","meta":{"fifu_image_url":"","fifu_image_alt":"","footnotes":""},"categories":[54,76],"tags":[],"class_list":["post-58999","post","type-post","status-publish","format-standard","has-post-thumbnail","hentry","category-maroc","category-regions"],"_links":{"self":[{"href":"https:\/\/linitiative.ca\/International\/wp-json\/wp\/v2\/posts\/58999","targetHints":{"allow":["GET"]}}],"collection":[{"href":"https:\/\/linitiative.ca\/International\/wp-json\/wp\/v2\/posts"}],"about":[{"href":"https:\/\/linitiative.ca\/International\/wp-json\/wp\/v2\/types\/post"}],"author":[{"embeddable":true,"href":"https:\/\/linitiative.ca\/International\/wp-json\/wp\/v2\/users\/1788"}],"replies":[{"embeddable":true,"href":"https:\/\/linitiative.ca\/International\/wp-json\/wp\/v2\/comments?post=58999"}],"version-history":[{"count":0,"href":"https:\/\/linitiative.ca\/International\/wp-json\/wp\/v2\/posts\/58999\/revisions"}],"wp:featuredmedia":[{"embeddable":true,"href":"https:\/\/linitiative.ca\/International\/wp-json\/"}],"wp:attachment":[{"href":"https:\/\/linitiative.ca\/International\/wp-json\/wp\/v2\/media?parent=58999"}],"wp:term":[{"taxonomy":"category","embeddable":true,"href":"https:\/\/linitiative.ca\/International\/wp-json\/wp\/v2\/categories?post=58999"},{"taxonomy":"post_tag","embeddable":true,"href":"https:\/\/linitiative.ca\/International\/wp-json\/wp\/v2\/tags?post=58999"}],"curies":[{"name":"wp","href":"https:\/\/api.w.org\/{rel}","templated":true}]}}