{"id":59001,"date":"2019-08-24T09:44:33","date_gmt":"2019-08-24T13:44:33","guid":{"rendered":"https:\/\/linitiative.ca\/International\/lancement-dun-projet-de-plantation-de-100ha-de-figuiers\/"},"modified":"2019-08-24T09:44:33","modified_gmt":"2019-08-24T13:44:33","slug":"lancement-dun-projet-de-plantation-de-100ha-de-figuiers","status":"publish","type":"post","link":"https:\/\/linitiative.ca\/International\/lancement-dun-projet-de-plantation-de-100ha-de-figuiers\/","title":{"rendered":"Lancement d\u2019un projet de plantation de 100Ha de figuiers"},"content":{"rendered":"<p class=\"c1\">Un projet de plantation de 100 hectares de figuiers et de cr\u00e9ation d\u2019une unit\u00e9 de valorisation de ce produit a \u00e9t\u00e9 lanc\u00e9, vendredi \u00e0 la commune rurale d\u2019Aghbal dans la province de Berkane, pour un investissement global de pr\u00e8s de 3,5 millions de dirhams.<\/p>\n<p class=\"c1\">Ce projet de d\u00e9veloppement et de valorisation de la culture du figuier a \u00e9t\u00e9 donn\u00e9 en pr\u00e9sence du Secr\u00e9taire g\u00e9n\u00e9ral du minist\u00e8re de l\u2019Agriculture, de la P\u00eache maritime, du D\u00e9veloppement rural et des Eaux et For\u00eats, Mohamed Sadiki, \u00e0 l\u2019occasion de la tenue de la 3e \u00e9dition du Festival des figues (23-25 ao\u00fbt).<\/p>\n<p class=\"c1\">Selon ses promoteurs, ce projet agricole qui porte sur la substitution de cultures c\u00e9r\u00e9ali\u00e8res par des arbres fruitiers s\u2019inscrit dans le cadre du Plan Maroc Vert, avec pour objectifs de d\u00e9velopper la fili\u00e8re de la figue, d\u2019am\u00e9liorer la productivit\u00e9 et la qualit\u00e9 du produit et de promouvoir sa commercialisation.<\/p>\n<p class=\"c1\">Il ambitionne \u00e9galement de rendre ce fruit disponible tout au long de l\u2019ann\u00e9e \u00e0 travers le s\u00e9chage d\u2019environ 200 tonnes de figues et l\u2019emballage de quelque 1.200 tonnes de figues fra\u00eeches par an.<\/p>\n<p class=\"c1\">Quelque 54 agriculteurs vont b\u00e9n\u00e9ficier de ce projet de d\u00e9veloppement et de valorisation de la culture de la figue port\u00e9 par la coop\u00e9rative agricole Gharmawne, et dont la dur\u00e9e de r\u00e9alisation au niveau du territoire de la commune d\u2019Aghbal s\u2019\u00e9tale sur la p\u00e9riode 2019-2020.<\/p>\n<p class=\"c1\">A terme, l\u2019extension de la superficie r\u00e9serv\u00e9e aux figuiers, ayant n\u00e9cessit\u00e9 un investissement de 1,3 millions de dirhams (plantation et suivi technique) devra permettre de booster la production pour atteindre 5,2 tonnes par hectare, d\u2019am\u00e9liorer le revenu des agriculteurs de 1.700 dirhams par hectare \u00e0 43.000 dirhams, et de cr\u00e9er quelque 3.800 journ\u00e9es de travail suppl\u00e9mentaires par an, en sus de la pr\u00e9servation des ressources naturelles.<\/p>\n<p class=\"c1\">Quant \u00e0 l\u2019unit\u00e9 de valorisation du produit qui sera construite sur une superficie de 500m2, elle va n\u00e9cessiter la mobilisation d\u2019un investissement d\u2019un peu plus de deux millions de dirhams, dont 900.000 dhs pour l\u2019\u00e9quipement et 102.500 dhs pour l\u2019accompagnement, la formation et l\u2019encadrement des agriculteurs b\u00e9n\u00e9ficiaires.<\/p>\n<p class=\"c1\">Dans une intervention en marge de la c\u00e9r\u00e9monie d\u2019ouverture du festival des figues d\u2019Aghbal, M. Sadiki a fait savoir que la culture du figuier qui conna\u00eet une croissance remarquable occupe une superficie d\u2019environ 61.500 hectares au niveau national et fournit une production de pr\u00e8s de 130.000 tonnes.<\/p>\n<p class=\"c1\">Il a ajout\u00e9 par la m\u00eame occasion que cette manifestation \u00e0 vocation socio-\u00e9conomique se veut un haut lieu de rencontres et d\u2019\u00e9changes entre les consommateurs et les producteurs de figues dans la r\u00e9gion de l\u2019Oriental en g\u00e9n\u00e9ral, et dans la province de Berkane en particulier, ainsi qu\u2019une opportunit\u00e9 pour promouvoir et commercialiser ce produit \u00e0 haute valeur nutritive, et pour montrer les atouts naturels et culturels de cette province.<\/p>\n<p class=\"c1\">Outre des stands qui pr\u00e9sentent aux visiteurs les diff\u00e9rentes vari\u00e9t\u00e9s de figues et la diversit\u00e9 des produits de terroir (huile d\u2019olives, miel, argan\u2026) dont jouit cette r\u00e9gion, le programme de cette manifestation pr\u00e9voit des activit\u00e9s artistiques et sportives et des rencontres et expos\u00e9s ax\u00e9s sur la culture du figuier et les moyens et opportunit\u00e9s offerts pour d\u00e9velopper et valoriser cette fili\u00e8re.<\/p>\n<p>Auteur: Soufiane ELAHMAR<br \/>\n<a href=\"http:\/\/www.mapoujda.ma\/fr\/lancement-dun-projet-de-plantation-de-100-ha-de-figuiers\/\">Cliquez ici pour lire l&rsquo;article depuis sa source.<\/a><\/p>\n","protected":false},"excerpt":{"rendered":"<p>Un projet de plantation de 100 hectares de figuiers et de cr\u00e9ation d\u2019une unit\u00e9 de valorisation de ce produit a \u00e9t\u00e9 lanc\u00e9, vendredi \u00e0 la commune rurale d\u2019Aghbal dans la province de Berkane, pour un investissement global de pr\u00e8s de 3,5 millions de dirhams. Ce projet de d\u00e9veloppement et de valorisation de la culture du [&hellip;]<\/p>\n","protected":false},"author":1788,"featured_media":0,"comment_status":"closed","ping_status":"closed","sticky":false,"template":"","format":"standard","meta":{"fifu_image_url":"","fifu_image_alt":"","footnotes":""},"categories":[54,76],"tags":[],"class_list":["post-59001","post","type-post","status-publish","format-standard","hentry","category-maroc","category-regions"],"_links":{"self":[{"href":"https:\/\/linitiative.ca\/International\/wp-json\/wp\/v2\/posts\/59001","targetHints":{"allow":["GET"]}}],"collection":[{"href":"https:\/\/linitiative.ca\/International\/wp-json\/wp\/v2\/posts"}],"about":[{"href":"https:\/\/linitiative.ca\/International\/wp-json\/wp\/v2\/types\/post"}],"author":[{"embeddable":true,"href":"https:\/\/linitiative.ca\/International\/wp-json\/wp\/v2\/users\/1788"}],"replies":[{"embeddable":true,"href":"https:\/\/linitiative.ca\/International\/wp-json\/wp\/v2\/comments?post=59001"}],"version-history":[{"count":0,"href":"https:\/\/linitiative.ca\/International\/wp-json\/wp\/v2\/posts\/59001\/revisions"}],"wp:attachment":[{"href":"https:\/\/linitiative.ca\/International\/wp-json\/wp\/v2\/media?parent=59001"}],"wp:term":[{"taxonomy":"category","embeddable":true,"href":"https:\/\/linitiative.ca\/International\/wp-json\/wp\/v2\/categories?post=59001"},{"taxonomy":"post_tag","embeddable":true,"href":"https:\/\/linitiative.ca\/International\/wp-json\/wp\/v2\/tags?post=59001"}],"curies":[{"name":"wp","href":"https:\/\/api.w.org\/{rel}","templated":true}]}}