{"id":59002,"date":"2019-08-24T15:14:04","date_gmt":"2019-08-24T19:14:04","guid":{"rendered":"https:\/\/linitiative.ca\/International\/equipe-dalgerie-en-a-belmadi-convoque-22-joueurs\/"},"modified":"2019-08-24T15:14:04","modified_gmt":"2019-08-24T19:14:04","slug":"equipe-dalgerie-en-a-belmadi-convoque-22-joueurs","status":"publish","type":"post","link":"https:\/\/linitiative.ca\/International\/equipe-dalgerie-en-a-belmadi-convoque-22-joueurs\/","title":{"rendered":"Equipe d&rsquo;Alg\u00e9rie : EN A\u2019: Belmadi convoque 22 joueurs"},"content":{"rendered":"<div readability=\"32\">\n<p>Auteur : <span class=\"time\">samedi 24 ao\u00fbt 2019 12:09<\/span><\/p>\n<\/div>\n<div id=\"post_core\" readability=\"40\">\n<p>Le s\u00e9lectionneur national, Djamel Belmadi, a convoqu\u00e9 22 joueurs pour le prochain stage des locaux au CTN de Sidi Moussa. Ce stage d\u00e9butera le 26 de ce mois et sera ponctu\u00e9 par un match d\u2019application face \u00e0 l\u2019EN des moins de 23 ans.<\/p>\n<p><u><strong>Gardiens:<\/strong><\/u><\/p>\n<p>Gaya Merbah (CRB)<\/p>\n<p>Benbot Oussama (JSK)<\/p>\n<p><u><strong>D\u00e9fenseurs :<\/strong><\/u><\/p>\n<p>Sa\u00e2di Redouani (ESS)<\/p>\n<p>Walid Allati (MCA)<\/p>\n<p>Redouane Ch\u00e9rifi (USMA)<\/p>\n<p>Nabil Laamara (MCA)<\/p>\n<p>Farouk Chafa\u00ef (MCA)<\/p>\n<p>Mustapha Kheiraoui (USMA)<\/p>\n<p>Sofiane Bouchar (CRB)<\/p>\n<p>Mustapha Bouchina (PAC)<\/p>\n<p><u><strong>Milieux<\/strong><\/u> :<\/p>\n<p>Tayeb Hamoudi (PAC)<\/p>\n<p>Miloud Rebiai (MCA)<\/p>\n<p>Tahar Benkhelifa (USMA)<\/p>\n<p>Mohamed Benkhemassa (USMA)<\/p>\n<p>Sofiane Bendebka (MCA)<\/p>\n<p>Amir Sayoud (CRB)<\/p>\n<p><u><strong>Attaquants :<\/strong><\/u><\/p>\n<p>Housseyn Selmi (CRB)<\/p>\n<p>Houssam Guecha (ESS)<\/p>\n<p>Akram Djahnit (ESS)<\/p>\n<p>Hamza Belahouel (CRB)<\/p>\n<p>Riad Benayad (PAC)<\/p>\n<p>Zakaria Bencha\u00e2 (USMA)<\/p>\n<p><strong>Publi\u00e9 dans :<\/strong> <span>Belmadi<\/span><\/p>\n<\/div>\n<p>Auteur:<br \/>\n<a href=\"http:\/\/www.lebuteur.com\/article\/detail?titre=en-a-belmadi-convoque-22-joueurs&#038;id=91263&#038;utm_source=feedburner&#038;utm_medium=feed&#038;utm_campaign=Feed%3A+GalerieFArtciles+%28Les+derniers+articles++-+lebuteur.com%29\">Cliquez ici pour lire l&rsquo;article depuis sa source.<\/a><\/p>\n","protected":false},"excerpt":{"rendered":"<p>Auteur : samedi 24 ao\u00fbt 2019 12:09 Le s\u00e9lectionneur national, Djamel Belmadi, a convoqu\u00e9 22 joueurs pour le prochain stage des locaux au CTN de Sidi Moussa. Ce stage d\u00e9butera le 26 de ce mois et sera ponctu\u00e9 par un match d\u2019application face \u00e0 l\u2019EN des moins de 23 ans. Gardiens: Gaya Merbah (CRB) Benbot [&hellip;]<\/p>\n","protected":false},"author":1738,"featured_media":59003,"comment_status":"closed","ping_status":"closed","sticky":false,"template":"","format":"standard","meta":{"fifu_image_url":"","fifu_image_alt":"","footnotes":""},"categories":[53,75],"tags":[],"class_list":["post-59002","post","type-post","status-publish","format-standard","has-post-thumbnail","hentry","category-algerie","category-sport"],"_links":{"self":[{"href":"https:\/\/linitiative.ca\/International\/wp-json\/wp\/v2\/posts\/59002","targetHints":{"allow":["GET"]}}],"collection":[{"href":"https:\/\/linitiative.ca\/International\/wp-json\/wp\/v2\/posts"}],"about":[{"href":"https:\/\/linitiative.ca\/International\/wp-json\/wp\/v2\/types\/post"}],"author":[{"embeddable":true,"href":"https:\/\/linitiative.ca\/International\/wp-json\/wp\/v2\/users\/1738"}],"replies":[{"embeddable":true,"href":"https:\/\/linitiative.ca\/International\/wp-json\/wp\/v2\/comments?post=59002"}],"version-history":[{"count":0,"href":"https:\/\/linitiative.ca\/International\/wp-json\/wp\/v2\/posts\/59002\/revisions"}],"wp:featuredmedia":[{"embeddable":true,"href":"https:\/\/linitiative.ca\/International\/wp-json\/"}],"wp:attachment":[{"href":"https:\/\/linitiative.ca\/International\/wp-json\/wp\/v2\/media?parent=59002"}],"wp:term":[{"taxonomy":"category","embeddable":true,"href":"https:\/\/linitiative.ca\/International\/wp-json\/wp\/v2\/categories?post=59002"},{"taxonomy":"post_tag","embeddable":true,"href":"https:\/\/linitiative.ca\/International\/wp-json\/wp\/v2\/tags?post=59002"}],"curies":[{"name":"wp","href":"https:\/\/api.w.org\/{rel}","templated":true}]}}