{"id":59008,"date":"2019-08-24T15:14:09","date_gmt":"2019-08-24T19:14:09","guid":{"rendered":"https:\/\/linitiative.ca\/International\/international-nice-un-accord-aurait-ete-trouve-pour-larrivee-dadam-ounas\/"},"modified":"2019-08-24T15:14:09","modified_gmt":"2019-08-24T19:14:09","slug":"international-nice-un-accord-aurait-ete-trouve-pour-larrivee-dadam-ounas","status":"publish","type":"post","link":"https:\/\/linitiative.ca\/International\/international-nice-un-accord-aurait-ete-trouve-pour-larrivee-dadam-ounas\/","title":{"rendered":"International : Nice : Un accord aurait \u00e9t\u00e9 trouv\u00e9 pour l&rsquo;arriv\u00e9e d&rsquo;Adam Ounas !"},"content":{"rendered":"<div readability=\"32\">\n<p>Auteur : <span class=\"time\">samedi 24 ao\u00fbt 2019 18:51<\/span><\/p>\n<\/div>\n<div id=\"post_core\" readability=\"39\">\n<p>L\u2019ailier alg\u00e9rien de 22 ans qui a quitt\u00e9 la Ligue 1 et Bordeaux \u00e0 l\u2019\u00e9t\u00e9 2017 pour s\u2019engager avec le Napoli devrait ainsi \u00eatre pr\u00eat\u00e9. C\u2019est en tout cas ce qu\u2019explique L\u2019\u00c9quipe que rapporte Footmercato.<\/p>\n<p>Le quotidien fran\u00e7ais fait part d\u2019une cession d\u2019un an estim\u00e9e \u00e0 deux millions d\u2019euros. Le joueur \u00e0 qui il reste encore trois ans de contrat avec les Partenopei verra \u00e9galement les Aiglons prendre l\u2019int\u00e9gralit\u00e9 de son salaire en charge. Soit environ 250 000 euros bruts. Un accord a donc \u00e9t\u00e9 trouv\u00e9.<\/p>\n<p><strong>Publi\u00e9 dans :<\/strong> <span>Ounas<\/span><\/p>\n<\/div>\n<p>Auteur:<br \/>\n<a href=\"http:\/\/www.lebuteur.com\/article\/detail?titre=nice-un-accord-aurait-ete-trouve-pour-larrivee-dadam-ounas&#038;id=91266&#038;utm_source=feedburner&#038;utm_medium=feed&#038;utm_campaign=Feed%3A+GalerieFArtciles+%28Les+derniers+articles++-+lebuteur.com%29\">Cliquez ici pour lire l&rsquo;article depuis sa source.<\/a><\/p>\n","protected":false},"excerpt":{"rendered":"<p>Auteur : samedi 24 ao\u00fbt 2019 18:51 L\u2019ailier alg\u00e9rien de 22 ans qui a quitt\u00e9 la Ligue 1 et Bordeaux \u00e0 l\u2019\u00e9t\u00e9 2017 pour s\u2019engager avec le Napoli devrait ainsi \u00eatre pr\u00eat\u00e9. C\u2019est en tout cas ce qu\u2019explique L\u2019\u00c9quipe que rapporte Footmercato. Le quotidien fran\u00e7ais fait part d\u2019une cession d\u2019un an estim\u00e9e \u00e0 deux millions [&hellip;]<\/p>\n","protected":false},"author":1738,"featured_media":59009,"comment_status":"closed","ping_status":"closed","sticky":false,"template":"","format":"standard","meta":{"fifu_image_url":"","fifu_image_alt":"","footnotes":""},"categories":[53,75],"tags":[],"class_list":["post-59008","post","type-post","status-publish","format-standard","has-post-thumbnail","hentry","category-algerie","category-sport"],"_links":{"self":[{"href":"https:\/\/linitiative.ca\/International\/wp-json\/wp\/v2\/posts\/59008","targetHints":{"allow":["GET"]}}],"collection":[{"href":"https:\/\/linitiative.ca\/International\/wp-json\/wp\/v2\/posts"}],"about":[{"href":"https:\/\/linitiative.ca\/International\/wp-json\/wp\/v2\/types\/post"}],"author":[{"embeddable":true,"href":"https:\/\/linitiative.ca\/International\/wp-json\/wp\/v2\/users\/1738"}],"replies":[{"embeddable":true,"href":"https:\/\/linitiative.ca\/International\/wp-json\/wp\/v2\/comments?post=59008"}],"version-history":[{"count":0,"href":"https:\/\/linitiative.ca\/International\/wp-json\/wp\/v2\/posts\/59008\/revisions"}],"wp:featuredmedia":[{"embeddable":true,"href":"https:\/\/linitiative.ca\/International\/wp-json\/"}],"wp:attachment":[{"href":"https:\/\/linitiative.ca\/International\/wp-json\/wp\/v2\/media?parent=59008"}],"wp:term":[{"taxonomy":"category","embeddable":true,"href":"https:\/\/linitiative.ca\/International\/wp-json\/wp\/v2\/categories?post=59008"},{"taxonomy":"post_tag","embeddable":true,"href":"https:\/\/linitiative.ca\/International\/wp-json\/wp\/v2\/tags?post=59008"}],"curies":[{"name":"wp","href":"https:\/\/api.w.org\/{rel}","templated":true}]}}