{"id":59019,"date":"2019-08-24T10:43:14","date_gmt":"2019-08-24T14:43:14","guid":{"rendered":"https:\/\/linitiative.ca\/International\/93533-jeux-africains-2019-football-feminin-l-algerie-passe-en-demi-finale\/"},"modified":"2019-08-24T10:43:14","modified_gmt":"2019-08-24T14:43:14","slug":"93533-jeux-africains-2019-football-feminin-l-algerie-passe-en-demi-finale","status":"publish","type":"post","link":"https:\/\/linitiative.ca\/International\/93533-jeux-africains-2019-football-feminin-l-algerie-passe-en-demi-finale\/","title":{"rendered":"Jeux africains-2019\/Football f\u00e9minin: l&rsquo;Alg\u00e9rie passe en demi-finale"},"content":{"rendered":"<div>\n<div class=\"K2FeedIntroText\">\n<p><strong>RABAT &#8211; La s\u00e9lection alg\u00e9rienne f\u00e9minine de football (U-20) s&rsquo;est qualifi\u00e9e pour les demi-finales au tournoi des Jeux africains-2019 au Maroc (19-31 ao\u00fbt), gr\u00e2ce \u00e0 sa victoire contre\u00a0 la Guin\u00e9e Equatoriale sur le score de 1 -0 en match comptant pour la troisieme et derniere journ\u00e9e de la phase de groupe A, compos\u00e9 \u00e9galement du Maroc et du Mali.<\/strong><\/p>\n<\/div>\n<div class=\"K2FeedFullText\">\n<p>C&rsquo;est la seconde victoire de l&rsquo;\u00e9quipe alg\u00e9rienne apr\u00e8s celle remport\u00e9e face au Mali (1-0) contre une d\u00e9faite face au Maroc (3-2) lors de la premi\u00e8re journ\u00e9e.<\/p>\n<p>Dans l&rsquo;autre rencontre du groupe A, le Maroc a domin\u00e9 le Mali (4-1) et\u00a0 termine en t\u00eate avec 9 points devant l&rsquo;Alg\u00e9rie. Le Mali et la Guin\u00e9e Equatoriale sont \u00e9limin\u00e9s.<\/p>\n<p>En demi-finale pr\u00e9vue le 26 ao\u00fbt, l&rsquo;\u00e9quipe alg\u00e9rienne dirig\u00e9e par Naima Laouadi, affrontera le leader du groupe B, le Cameroun ou le Nigeria dont les matchs de la 3e journ\u00e9e se d\u00e9roulent ce samedi.<\/p>\n<\/div>\n<p><img loading=\"lazy\" decoding=\"async\" src=\"http:\/\/feeds.feedburner.com\/~r\/aps-sport\/~4\/BP2gR4petFc\" height=\"1\" width=\"1\" alt=\"\"><\/div>\n<p>Auteur:<br \/>\n<a href=\"http:\/\/www.aps.dz\/sport\/93533-jeux-africains-2019-football-feminin-l-algerie-passe-en-demi-finale?utm_source=feedburner&#038;utm_medium=feed&#038;utm_campaign=Feed%3A+aps-sport+%28APS+-+SPORT%29\">Cliquez ici pour lire l&rsquo;article depuis sa source.<\/a><\/p>\n","protected":false},"excerpt":{"rendered":"<p>RABAT &#8211; La s\u00e9lection alg\u00e9rienne f\u00e9minine de football (U-20) s&rsquo;est qualifi\u00e9e pour les demi-finales au tournoi des Jeux africains-2019 au Maroc (19-31 ao\u00fbt), gr\u00e2ce \u00e0 sa victoire contre\u00a0 la Guin\u00e9e Equatoriale sur le score de 1 -0 en match comptant pour la troisieme et derniere journ\u00e9e de la phase de groupe A, compos\u00e9 \u00e9galement du [&hellip;]<\/p>\n","protected":false},"author":1790,"featured_media":0,"comment_status":"closed","ping_status":"closed","sticky":false,"template":"","format":"standard","meta":{"fifu_image_url":"","fifu_image_alt":"","footnotes":""},"categories":[53,75],"tags":[],"class_list":["post-59019","post","type-post","status-publish","format-standard","hentry","category-algerie","category-sport"],"_links":{"self":[{"href":"https:\/\/linitiative.ca\/International\/wp-json\/wp\/v2\/posts\/59019","targetHints":{"allow":["GET"]}}],"collection":[{"href":"https:\/\/linitiative.ca\/International\/wp-json\/wp\/v2\/posts"}],"about":[{"href":"https:\/\/linitiative.ca\/International\/wp-json\/wp\/v2\/types\/post"}],"author":[{"embeddable":true,"href":"https:\/\/linitiative.ca\/International\/wp-json\/wp\/v2\/users\/1790"}],"replies":[{"embeddable":true,"href":"https:\/\/linitiative.ca\/International\/wp-json\/wp\/v2\/comments?post=59019"}],"version-history":[{"count":0,"href":"https:\/\/linitiative.ca\/International\/wp-json\/wp\/v2\/posts\/59019\/revisions"}],"wp:attachment":[{"href":"https:\/\/linitiative.ca\/International\/wp-json\/wp\/v2\/media?parent=59019"}],"wp:term":[{"taxonomy":"category","embeddable":true,"href":"https:\/\/linitiative.ca\/International\/wp-json\/wp\/v2\/categories?post=59019"},{"taxonomy":"post_tag","embeddable":true,"href":"https:\/\/linitiative.ca\/International\/wp-json\/wp\/v2\/tags?post=59019"}],"curies":[{"name":"wp","href":"https:\/\/api.w.org\/{rel}","templated":true}]}}