{"id":59026,"date":"2019-08-24T15:25:00","date_gmt":"2019-08-24T19:25:00","guid":{"rendered":"https:\/\/linitiative.ca\/International\/le-frere-de-nabil-karoui-se-refugie-en-algerie\/"},"modified":"2019-08-24T15:25:00","modified_gmt":"2019-08-24T19:25:00","slug":"le-frere-de-nabil-karoui-se-refugie-en-algerie","status":"publish","type":"post","link":"https:\/\/linitiative.ca\/International\/le-frere-de-nabil-karoui-se-refugie-en-algerie\/","title":{"rendered":"Le fr\u00e8re de Nabil Karoui se r\u00e9fugie en Alg\u00e9rie"},"content":{"rendered":"<p><br id=\"sep_para_1\" class=\"sep_para access\"\/><\/p>\n<div id=\"para_1\" class=\"para_32680477 resize\">\n<div class=\"texte access firstletter\">Apr\u00e8s l\u2019arrestation de son fr\u00e8re Nabil Karoui, par\u00a0 la police tunisienne, Ghazi Karoui aurait fui en Alg\u00e9rie par voie terrestre, a rapport\u00e9 la radio priv\u00e9e Mosa\u00efque FM, citant des sources s\u00e9curitaires.\u00a0 Selon le m\u00e9dia tunisien, deux mandats d\u2019arr\u00eat ont \u00e9t\u00e9 \u00e9mis \u00e0 l\u2019encontre des deux fr\u00e8res Karoui pour fraude fiscale et blanchiment d\u2019argent sur fond\u00a0 d\u2019une plainte d\u00e9pos\u00e9e par I Watch le 2 septembre 2016. Nabil Karoui qui est pr\u00e9sent\u00e9 comme l\u2019un des favoris de la pr\u00e9sidentielle tunisienne a \u00e9t\u00e9 appr\u00e9hend\u00e9 et conduit \u00e0 la prison civile de Mornaguia, alors que son fr\u00e8re aurait quitt\u00e9 la Tunisie vers l\u2019Alg\u00e9rie. Pour de nombreux observateurs l\u2019arrestation de Nabil Karoui est purement politique et vise notamment \u00e0 lui barrer la route vers la pr\u00e9sidentielle tunisienne.\u00a0 Pour rappel, les fr\u00e8res Karoui poss\u00e8dent une soci\u00e9t\u00e9 \u00e0 Alger Karoui and Karoui. Ils ont \u00e9t\u00e9 longtemps les publicitaires des op\u00e9rateurs de t\u00e9l\u00e9phonie Djezzy et Nedjma en Alg\u00e9rie avant de se sp\u00e9cialiser dans la publicit\u00e9 et l\u2019affichage.\u00a0 Ghazi Karoui tout comme son fr\u00e8re Nabil poss\u00e8de une r\u00e9sidence \u00e0 Alger et des bureaux dans le quartier r\u00e9sidentiel de Hydra.<\/div>\n<\/div>\n<p>Auteur: R\u00e9flexion<br \/>\n<a href=\"https:\/\/www.reflexiondz.net\/Le-frere-de-Nabil-Karoui-se-refugie-en-Algerie_a57284.html\">Cliquez ici pour lire l&rsquo;article depuis sa source.<\/a><\/p>\n","protected":false},"excerpt":{"rendered":"<p>Apr\u00e8s l\u2019arrestation de son fr\u00e8re Nabil Karoui, par\u00a0 la police tunisienne, Ghazi Karoui aurait fui en Alg\u00e9rie par voie terrestre, a rapport\u00e9 la radio priv\u00e9e Mosa\u00efque FM, citant des sources s\u00e9curitaires.\u00a0 Selon le m\u00e9dia tunisien, deux mandats d\u2019arr\u00eat ont \u00e9t\u00e9 \u00e9mis \u00e0 l\u2019encontre des deux fr\u00e8res Karoui pour fraude fiscale et blanchiment d\u2019argent sur fond\u00a0 [&hellip;]<\/p>\n","protected":false},"author":1740,"featured_media":0,"comment_status":"closed","ping_status":"closed","sticky":false,"template":"","format":"standard","meta":{"fifu_image_url":"","fifu_image_alt":"","footnotes":""},"categories":[53,76],"tags":[],"class_list":["post-59026","post","type-post","status-publish","format-standard","hentry","category-algerie","category-regions"],"_links":{"self":[{"href":"https:\/\/linitiative.ca\/International\/wp-json\/wp\/v2\/posts\/59026","targetHints":{"allow":["GET"]}}],"collection":[{"href":"https:\/\/linitiative.ca\/International\/wp-json\/wp\/v2\/posts"}],"about":[{"href":"https:\/\/linitiative.ca\/International\/wp-json\/wp\/v2\/types\/post"}],"author":[{"embeddable":true,"href":"https:\/\/linitiative.ca\/International\/wp-json\/wp\/v2\/users\/1740"}],"replies":[{"embeddable":true,"href":"https:\/\/linitiative.ca\/International\/wp-json\/wp\/v2\/comments?post=59026"}],"version-history":[{"count":0,"href":"https:\/\/linitiative.ca\/International\/wp-json\/wp\/v2\/posts\/59026\/revisions"}],"wp:attachment":[{"href":"https:\/\/linitiative.ca\/International\/wp-json\/wp\/v2\/media?parent=59026"}],"wp:term":[{"taxonomy":"category","embeddable":true,"href":"https:\/\/linitiative.ca\/International\/wp-json\/wp\/v2\/categories?post=59026"},{"taxonomy":"post_tag","embeddable":true,"href":"https:\/\/linitiative.ca\/International\/wp-json\/wp\/v2\/tags?post=59026"}],"curies":[{"name":"wp","href":"https:\/\/api.w.org\/{rel}","templated":true}]}}