{"id":59027,"date":"2019-08-24T15:25:00","date_gmt":"2019-08-24T19:25:00","guid":{"rendered":"https:\/\/linitiative.ca\/International\/djellab-denonce-une-mafia-du-ble\/"},"modified":"2019-08-24T15:25:00","modified_gmt":"2019-08-24T19:25:00","slug":"djellab-denonce-une-mafia-du-ble","status":"publish","type":"post","link":"https:\/\/linitiative.ca\/International\/djellab-denonce-une-mafia-du-ble\/","title":{"rendered":"Djellab d\u00e9nonce une mafia du bl\u00e9 !"},"content":{"rendered":"<p><br id=\"sep_para_1\" class=\"sep_para access\"\/><\/p>\n<div id=\"para_1\" class=\"para_32680476 resize\">\n<div class=\"texte access firstletter\">La production abondante de diff\u00e9rents types de c\u00e9r\u00e9ales enregistr\u00e9e cette ann\u00e9e permettra de ne pas recourir \u00e0 l\u2019importation cette ann\u00e9e. C\u2019est ce qui ressort d\u2019une d\u00e9claration, faite par le ministre du Commerce Sa\u00efd Djellab, depuis la wilaya d\u2019El-Tarf. Non loin des affaires de corruption en cours entre les mains de la justice, impliquant de grands responsables de l\u2019\u00c9tat et d\u2019hommes d\u2019affaires, le ministre Djellab \u00e9voque \u00ab des d\u00e9tournements des subventions de l\u2019\u00c9tat en mati\u00e8re de c\u00e9r\u00e9ales\u00bb. Il affirme que \u00abla possibilit\u00e9 de ne pas recourir \u00e0 l\u2019importation de produits subventionn\u00e9s existe \u00bb eu \u00e9gard, poursuit-il, \u00ab aux mesures prises par le gouvernement \u00e0 l\u2019encontre de certains propri\u00e9taires de minoteries frauduleux qui contournent les lois \u00bb affirme le ministre \u00ab pour profiter des subventions allou\u00e9es par l\u2019\u00c9tat\u00bb, accuse-t-il lors de sa visite dans la wilaya d\u2019El-Tarf. On parle d\u2019une mafia organis\u00e9e, comme le r\u00e9v\u00e8lent des observateurs du secteur et souvent les intervenants qui ont et continuent d\u2019alerter sur les quantit\u00e9s de bl\u00e9 import\u00e9es par l\u2019\u00c9tat et qui par la suite sont d\u00e9tourn\u00e9es pour \u00eatre revendues apr\u00e8s les avoir achet\u00e9es \u00e0 un prix subventionn\u00e9 par l\u2019\u00c9tat. Une situation qui semble avoir pouss\u00e9 la prise de d\u00e9cision, le 11 juillet dernier pour rappel, portant l\u2019arr\u00eat de 45 minoteries, dont la majorit\u00e9 est implant\u00e9e \u00e0 l\u2019ouest du pays.<\/div>\n<\/div>\n<p>Auteur: R\u00e9flexion<br \/>\n<a href=\"https:\/\/www.reflexiondz.net\/Djellab-denonce-une-mafia-du-ble-_a57283.html\">Cliquez ici pour lire l&rsquo;article depuis sa source.<\/a><\/p>\n","protected":false},"excerpt":{"rendered":"<p>La production abondante de diff\u00e9rents types de c\u00e9r\u00e9ales enregistr\u00e9e cette ann\u00e9e permettra de ne pas recourir \u00e0 l\u2019importation cette ann\u00e9e. C\u2019est ce qui ressort d\u2019une d\u00e9claration, faite par le ministre du Commerce Sa\u00efd Djellab, depuis la wilaya d\u2019El-Tarf. Non loin des affaires de corruption en cours entre les mains de la justice, impliquant de grands [&hellip;]<\/p>\n","protected":false},"author":1740,"featured_media":0,"comment_status":"closed","ping_status":"closed","sticky":false,"template":"","format":"standard","meta":{"fifu_image_url":"","fifu_image_alt":"","footnotes":""},"categories":[53,76],"tags":[],"class_list":["post-59027","post","type-post","status-publish","format-standard","hentry","category-algerie","category-regions"],"_links":{"self":[{"href":"https:\/\/linitiative.ca\/International\/wp-json\/wp\/v2\/posts\/59027","targetHints":{"allow":["GET"]}}],"collection":[{"href":"https:\/\/linitiative.ca\/International\/wp-json\/wp\/v2\/posts"}],"about":[{"href":"https:\/\/linitiative.ca\/International\/wp-json\/wp\/v2\/types\/post"}],"author":[{"embeddable":true,"href":"https:\/\/linitiative.ca\/International\/wp-json\/wp\/v2\/users\/1740"}],"replies":[{"embeddable":true,"href":"https:\/\/linitiative.ca\/International\/wp-json\/wp\/v2\/comments?post=59027"}],"version-history":[{"count":0,"href":"https:\/\/linitiative.ca\/International\/wp-json\/wp\/v2\/posts\/59027\/revisions"}],"wp:attachment":[{"href":"https:\/\/linitiative.ca\/International\/wp-json\/wp\/v2\/media?parent=59027"}],"wp:term":[{"taxonomy":"category","embeddable":true,"href":"https:\/\/linitiative.ca\/International\/wp-json\/wp\/v2\/categories?post=59027"},{"taxonomy":"post_tag","embeddable":true,"href":"https:\/\/linitiative.ca\/International\/wp-json\/wp\/v2\/tags?post=59027"}],"curies":[{"name":"wp","href":"https:\/\/api.w.org\/{rel}","templated":true}]}}