{"id":59028,"date":"2019-08-24T15:25:00","date_gmt":"2019-08-24T19:25:00","guid":{"rendered":"https:\/\/linitiative.ca\/International\/complexe-sportif-de-belgaid-oran-des-sous-traitants-en-colere\/"},"modified":"2019-08-24T15:25:00","modified_gmt":"2019-08-24T19:25:00","slug":"complexe-sportif-de-belgaid-oran-des-sous-traitants-en-colere","status":"publish","type":"post","link":"https:\/\/linitiative.ca\/International\/complexe-sportif-de-belgaid-oran-des-sous-traitants-en-colere\/","title":{"rendered":"COMPLEXE SPORTIF DE BELGA\u00cfD (ORAN) : Des sous-traitants en col\u00e8re"},"content":{"rendered":"<p><br id=\"sep_para_1\" class=\"sep_para access\"\/><\/p>\n<div id=\"para_1\" class=\"para_32680448 resize\">\n<div class=\"texte access firstletter\">Les probl\u00e8mes financiers de ce complexe sportif de 40000 places en compagnie du village sportif n&rsquo;en finissent pas,\u00a0 et les probl\u00e8mes qui surgissent \u00e0 chaque fois dans ce projet\u00a0 accusent d&rsquo;\u00e9normes retards dans leurs r\u00e9ceptions. En effet, malgr\u00e9 le paiement par l\u2019Etat de quelques situations des travaux, la soci\u00e9t\u00e9 chinoise n\u2019a pas encore pay\u00e9 quelques sous-traitants. Ce qui a cr\u00e9\u00e9 un d\u00e9sarroi aupr\u00e8s de quelques uns. Le wali d\u2019Oran lors d\u2019une visite sur place, a mis les points sur les I, avec les repr\u00e9sentants de la soci\u00e9t\u00e9 chinoise en affirmant qu\u2019ils doivent payer les sous-traitants pour permettre l\u2019avancement des travaux. Le PDG de MCC la soci\u00e9t\u00e9 chinoise charg\u00e9e de la\u00a0 r\u00e9alisation en compagnie de l\u2019ambassadeur de Chine en Alg\u00e9rie. Cette visite permettra aux autorit\u00e9s alg\u00e9riennes de mettre les points sur les I concernant l\u2019avancement des travaux de ce projet qui a enregistr\u00e9 un retard\u00a0 consid\u00e9rable.\u00a0 Lors de cette rencontre, l\u2019avancement des pr\u00e9paratifs d\u2019Oran, pour accueillir les jeux de 2021, sera expos\u00e9 devant le comit\u00e9 olympique. Notons, que le stade de Belgaid fait partie du futur complexe olympique omnisports devant abriter les comp\u00e9titions des jeux m\u00e9diterran\u00e9ens pr\u00e9vus en 2021 dans la capitale de l\u2019Ouest. Le stade est appel\u00e9 \u00e9galement \u00e0 recevoir des manifestations sportives nationales et internationales et offrira des espaces de qualit\u00e9 pour le mouvement sportif. Erig\u00e9 sur une superficie de 105 ha, le futur complexe olympique est compos\u00e9, outre le stade de 40.000 places, d\u2019un stade d\u2019athl\u00e9tisme de 4.800 places, d\u2019un terrain de r\u00e9plique, d\u2019un centre de formation, d\u2019un parking de 290 places et autres infrastructures annexes. Sa r\u00e9alisation a n\u00e9cessit\u00e9 une enveloppe de l\u2019ordre de 15milliars de DA. C\u2019est une entreprise chinoise, la MCC International, qui est charg\u00e9e de sa r\u00e9alisation.\u00a0\u00a0\u00a0\u00a0\u00a0\u00a0\u00a0\u00a0\u00a0\u00a0\u00a0\u00a0\u00a0\u00a0\u00a0\u00a0\u00a0\u00a0\u00a0\u00a0\u00a0\u00a0\u00a0\u00a0\u00a0\u00a0\u00a0\u00a0\u00a0\u00a0\u00a0\u00a0<br \/>\u00a0<\/div>\n<\/div>\n<p>Auteur: Habib Medjadji<br \/>\n<a href=\"https:\/\/www.reflexiondz.net\/COMPLEXE-SPORTIF-DE-BELGAID-ORAN-Des-sous-traitants-en-colere_a57272.html\">Cliquez ici pour lire l&rsquo;article depuis sa source.<\/a><\/p>\n","protected":false},"excerpt":{"rendered":"<p>Les probl\u00e8mes financiers de ce complexe sportif de 40000 places en compagnie du village sportif n&rsquo;en finissent pas,\u00a0 et les probl\u00e8mes qui surgissent \u00e0 chaque fois dans ce projet\u00a0 accusent d&rsquo;\u00e9normes retards dans leurs r\u00e9ceptions. En effet, malgr\u00e9 le paiement par l\u2019Etat de quelques situations des travaux, la soci\u00e9t\u00e9 chinoise n\u2019a pas encore pay\u00e9 quelques [&hellip;]<\/p>\n","protected":false},"author":1740,"featured_media":0,"comment_status":"closed","ping_status":"closed","sticky":false,"template":"","format":"standard","meta":{"fifu_image_url":"","fifu_image_alt":"","footnotes":""},"categories":[53,76],"tags":[],"class_list":["post-59028","post","type-post","status-publish","format-standard","hentry","category-algerie","category-regions"],"_links":{"self":[{"href":"https:\/\/linitiative.ca\/International\/wp-json\/wp\/v2\/posts\/59028","targetHints":{"allow":["GET"]}}],"collection":[{"href":"https:\/\/linitiative.ca\/International\/wp-json\/wp\/v2\/posts"}],"about":[{"href":"https:\/\/linitiative.ca\/International\/wp-json\/wp\/v2\/types\/post"}],"author":[{"embeddable":true,"href":"https:\/\/linitiative.ca\/International\/wp-json\/wp\/v2\/users\/1740"}],"replies":[{"embeddable":true,"href":"https:\/\/linitiative.ca\/International\/wp-json\/wp\/v2\/comments?post=59028"}],"version-history":[{"count":0,"href":"https:\/\/linitiative.ca\/International\/wp-json\/wp\/v2\/posts\/59028\/revisions"}],"wp:attachment":[{"href":"https:\/\/linitiative.ca\/International\/wp-json\/wp\/v2\/media?parent=59028"}],"wp:term":[{"taxonomy":"category","embeddable":true,"href":"https:\/\/linitiative.ca\/International\/wp-json\/wp\/v2\/categories?post=59028"},{"taxonomy":"post_tag","embeddable":true,"href":"https:\/\/linitiative.ca\/International\/wp-json\/wp\/v2\/tags?post=59028"}],"curies":[{"name":"wp","href":"https:\/\/api.w.org\/{rel}","templated":true}]}}