{"id":59029,"date":"2019-08-24T15:25:00","date_gmt":"2019-08-24T19:25:00","guid":{"rendered":"https:\/\/linitiative.ca\/International\/relizane-un-homme-decouvert-mort-dans-son-domicile\/"},"modified":"2019-08-24T15:25:00","modified_gmt":"2019-08-24T19:25:00","slug":"relizane-un-homme-decouvert-mort-dans-son-domicile","status":"publish","type":"post","link":"https:\/\/linitiative.ca\/International\/relizane-un-homme-decouvert-mort-dans-son-domicile\/","title":{"rendered":"RELIZANE : Un homme d\u00e9couvert mort dans son domicile"},"content":{"rendered":"<p><br id=\"sep_para_1\" class=\"sep_para access\"\/><\/p>\n<div id=\"para_1\" class=\"para_32680451 resize\">\n<div class=\"texte access firstletter\">La localit\u00e9 d\u2019El Matmar a \u00e9t\u00e9 secou\u00e9e par la mort myst\u00e9rieuse\u00a0 d\u2019un\u00a0 homme, \u00e2g\u00e9 de 35 ans, qui vivait seul au sein du quartier\u00a0 d\u00e9nomm\u00e9 \u2018\u2019 la cit\u00e9\u2019\u2019, sise au centre de la ville. Son corps a \u00e9t\u00e9 d\u00e9couvert inanim\u00e9, gr\u00e2ce aux voisins\u00a0 qui ont donn\u00e9 l\u2019alerte, apr\u00e8s\u00a0 avoir \u00e9t\u00e9 attir\u00e9s par l\u2019odeur fetide qui se d\u00e9gageait de l\u2019habitation. Alert\u00e9s,\u00a0 les policiers se sont rendus sur les lieux pour les besoins de l\u2019enqu\u00eate. Selon des informations, le d\u00e9c\u00e8s\u00a0 de\u00a0 cet individu\u00a0 qui vivait en solitaire, et dont la cause demeure\u00a0 toujours inconnue \u00e0 ce jour, remonterait \u00e0 plusieurs jours, de par\u00a0 l&rsquo;\u00e9tat de d\u00e9composition fort avanc\u00e9 dans lequel \u00e9tait le corps. Intervenant \u00e0 leur tour,\u00a0 les \u00e9l\u00e9ments\u00a0 de la protection civile, ont \u00e9vacu\u00e9\u00a0 la d\u00e9pouille mortelle vers\u00a0 la morgue de l&rsquo;h\u00f4pital \u2018\u2019Mohamed-Boudiaf\u2019\u2019 pour les besoins de\u00a0 l\u2019autopsie m\u00e9dicale.\u00a0\u00a0\u00a0\u00a0<\/div>\n<\/div>\n<p>Auteur: Smain<br \/>\n<a href=\"https:\/\/www.reflexiondz.net\/RELIZANE-Un-homme-decouvert-mort-dans-son-domicile_a57274.html\">Cliquez ici pour lire l&rsquo;article depuis sa source.<\/a><\/p>\n","protected":false},"excerpt":{"rendered":"<p>La localit\u00e9 d\u2019El Matmar a \u00e9t\u00e9 secou\u00e9e par la mort myst\u00e9rieuse\u00a0 d\u2019un\u00a0 homme, \u00e2g\u00e9 de 35 ans, qui vivait seul au sein du quartier\u00a0 d\u00e9nomm\u00e9 \u2018\u2019 la cit\u00e9\u2019\u2019, sise au centre de la ville. Son corps a \u00e9t\u00e9 d\u00e9couvert inanim\u00e9, gr\u00e2ce aux voisins\u00a0 qui ont donn\u00e9 l\u2019alerte, apr\u00e8s\u00a0 avoir \u00e9t\u00e9 attir\u00e9s par l\u2019odeur fetide qui [&hellip;]<\/p>\n","protected":false},"author":1740,"featured_media":0,"comment_status":"closed","ping_status":"closed","sticky":false,"template":"","format":"standard","meta":{"fifu_image_url":"","fifu_image_alt":"","footnotes":""},"categories":[53,76],"tags":[],"class_list":["post-59029","post","type-post","status-publish","format-standard","hentry","category-algerie","category-regions"],"_links":{"self":[{"href":"https:\/\/linitiative.ca\/International\/wp-json\/wp\/v2\/posts\/59029","targetHints":{"allow":["GET"]}}],"collection":[{"href":"https:\/\/linitiative.ca\/International\/wp-json\/wp\/v2\/posts"}],"about":[{"href":"https:\/\/linitiative.ca\/International\/wp-json\/wp\/v2\/types\/post"}],"author":[{"embeddable":true,"href":"https:\/\/linitiative.ca\/International\/wp-json\/wp\/v2\/users\/1740"}],"replies":[{"embeddable":true,"href":"https:\/\/linitiative.ca\/International\/wp-json\/wp\/v2\/comments?post=59029"}],"version-history":[{"count":0,"href":"https:\/\/linitiative.ca\/International\/wp-json\/wp\/v2\/posts\/59029\/revisions"}],"wp:attachment":[{"href":"https:\/\/linitiative.ca\/International\/wp-json\/wp\/v2\/media?parent=59029"}],"wp:term":[{"taxonomy":"category","embeddable":true,"href":"https:\/\/linitiative.ca\/International\/wp-json\/wp\/v2\/categories?post=59029"},{"taxonomy":"post_tag","embeddable":true,"href":"https:\/\/linitiative.ca\/International\/wp-json\/wp\/v2\/tags?post=59029"}],"curies":[{"name":"wp","href":"https:\/\/api.w.org\/{rel}","templated":true}]}}