{"id":59040,"date":"2019-08-23T17:51:07","date_gmt":"2019-08-23T21:51:07","guid":{"rendered":"https:\/\/linitiative.ca\/International\/biarritz-la-france-accueille-le-45e-sommet-du-g7\/"},"modified":"2019-08-23T17:51:07","modified_gmt":"2019-08-23T21:51:07","slug":"biarritz-la-france-accueille-le-45e-sommet-du-g7","status":"publish","type":"post","link":"https:\/\/linitiative.ca\/International\/biarritz-la-france-accueille-le-45e-sommet-du-g7\/","title":{"rendered":"Biarritz : La France accueille le 45e sommet du G7"},"content":{"rendered":"<p><strong>La France accueille \u00e0 partir de ce samedi \u00e0 Biarritz, le 45e sommet du G7, plac\u00e9 cette ann\u00e9e sous le th\u00e8me de \u00ab la lutte contre les in\u00e9galit\u00e9s \u00bb.<\/strong><\/p>\n<div class=\"c10\"\/>\n<p>Le Sommet r\u00e9unira les Chefs d\u2019Etat et de gouvernement des sept pays les plus riches du bloc occidental : la France, l\u2019Allemagne, le Canada, les \u00c9tats-Unis, l\u2019Italie, le Japon, et le Royaume-Uni. Ces pays repr\u00e9sentent \u00e0 eux seuls 40% du PIB mondial et seulement 10% de la population mondiale.<\/p>\n<p>\u00c0 l\u2019occasion de leur Sommet, les dirigeants du G7 vont \u00e9changer, en plus de \u00abla lutte contre les in\u00e9galit\u00e9s\u00bb, sur les grands sujets \u00e9conomiques et g\u00e9opolitiques qui occupent la sc\u00e8ne internationale comme le r\u00e9chauffement climatique, la r\u00e9gulation de l\u2019\u00e9conomie mondiale, la taxation des g\u00e9ants du num\u00e9rique, les tensions am\u00e9ricano-iraniennes, la crise politique italienne et autres.<\/p>\n<p>Le sommet a \u00e9t\u00e9 pr\u00e9par\u00e9, tout au long de l\u2019ann\u00e9e, par des r\u00e9unions de ministres du G7 sur diverses th\u00e9matiques : \u00e9conomique, s\u00e9curitaire, environnementale\u2026 Depuis d\u00e9but 2019, les ministres du G7 charg\u00e9s de l\u2019int\u00e9rieur, des affaires \u00e9trang\u00e8res, de l\u2019environnement, du num\u00e9rique, de la sant\u00e9, de l\u2019\u00e9conomie se sont, en effet, rencontr\u00e9s pour pr\u00e9parer la r\u00e9union des chefs d\u2019\u00c9tat et de gouvernement.<\/p>\n<p>Officiellement, l\u2019objectif du sommet de Biarritz est \u00ab la lutte contre les in\u00e9galit\u00e9s \u00bb, qui doit passer, selon Paris, par \u00ab une coop\u00e9ration des pays du G7 pour une mondialisation r\u00e9gul\u00e9e, plus juste et plus \u00e9quitable \u00bb, \u00e0 travers \u00ab\u00a0le renforcement du syst\u00e8me financier international et de sa r\u00e9silience, la promotion d\u2019une mondialisation \u00e9quitable fond\u00e9e sur une croissance plus inclusive et un d\u00e9veloppement plus efficace \u00bb.<\/p>\n<p>Mais ce noble objectif pourrait \u00eatre occult\u00e9 par les dissensions entre les puissances du G7 sur nombre de sujets occupant la sc\u00e8ne internationale.<\/p>\n<p>Lire aussi : <a href=\"https:\/\/www.challenge.ma\/retour-en-europe-ce-passage-est-a-eviter-ce-weekend-115832\/\">Retour en Europe : Ce passage est \u00e0 \u00e9viter ce weekend<\/a><\/p>\n<p>Selon le journal Le Figaro, la r\u00e9union des sept grandes puissances \u00e9conomiques du monde s\u2019annonce particuli\u00e8rement difficile, en raison des vives tensions internationales et des diff\u00e9rends qui opposent ses membres (\u00c9tats-Unis, Canada, Japon, France, Allemagne, Italie, Grande-Bretagne).<\/p>\n<p>\u00ab Sur la plupart des grands sujets internationaux, qu\u2019il s\u2019agisse du commerce, de l\u2019Iran, de la Syrie, de l\u2019Ukraine ou du Brexit, les dirigeants du G7 sont aux antipodes les uns des autres. La France veut sauver l\u2019accord sur le nucl\u00e9aire iranien d\u00e9chir\u00e9 par Donald Trump, quand le pr\u00e9sident am\u00e9ricain veut accentuer la \u00abpression maximum\u00bb contre T\u00e9h\u00e9ran. L\u2019Allemagne et le Canada s\u2019opposent \u00e0 la suggestion du pr\u00e9sident am\u00e9ricain de reformer le G7 en r\u00e9int\u00e9grant la Russie. L\u2019Allemagne et la France se divisent sur les modalit\u00e9s du Brexit, la premi\u00e8re se voulant plus conciliante que la seconde\u2026 \u00bb, \u00e9num\u00e8re le journal.<\/p>\n<p>Cr\u00e9\u00e9 en 1975 pour r\u00e9pondre au premier choc p\u00e9trolier, le G7 s\u2019est depuis impos\u00e9 comme l\u2019une des principales enceintes de concertation de l\u2019ann\u00e9e diplomatique.\u00a0\u00ab Mais ce rendez-vous annuel est aujourd\u2019hui secou\u00e9 par les changements de cap des plaques tectoniques g\u00e9opolitiques, par les attaques port\u00e9es au multilat\u00e9ralisme, par la pouss\u00e9e des nationalismes et par l\u2019affirmation de puissances \u00e9mergentes comme la Chine et l\u2019Inde\u00a0\u00bb, observe le journal.<\/p>\n<p>Cette m\u00eame analyse est partag\u00e9e par le journal Le Monde qui souligne que \u00ab\u00a0face \u00e0 la longue liste des tensions g\u00e9opolitiques et commerciales \u00e9galement au programme\u00a0\u00bb, la mobilisation contre les in\u00e9galit\u00e9s, \u00e9rig\u00e9e en priorit\u00e9 par la pr\u00e9sidence fran\u00e7aise, \u00ab\u00a0risque fort de passer au second plan. Ou de se limiter \u00e0 des d\u00e9clarations de bonnes intentions\u00a0\u00bb, au grand dam des associations et ONG invit\u00e9es au G7, ou celles participant au contre-sommet organis\u00e9 non loin \u00e0 la fronti\u00e8re franco-espagnole.<\/p>\n<p>M\u00eame sans accord, le G7 reste une enceinte o\u00f9 les grandes d\u00e9mocraties peuvent aborder tous les sujets sans tabou. \u00ab\u00a0Un lieu de d\u00e9bat indispensable pour \u00e9baucher des solutions, d\u00e9samorcer des crises et renforcer les solidarit\u00e9s au sein du monde d\u00e9mocratique\u00a0\u00bb, s\u2019accordent \u00e0 penser les observateurs.<\/p>\n<div class=\"c17\">\n<fieldset class=\"c16\">\n<legend><strong><span class=\"c11\">Challenge<\/span><span class=\"c12\">news<\/span><\/strong><\/legend>\n<div class=\"c15\">Le meilleur de la r\u00e9daction s\u00e9lectionn\u00e9 par Challenge :<\/p>\n<\/div>\n<\/fieldset>\n<\/div>\n<p>Auteur: challenge<br \/>\n<a href=\"https:\/\/www.challenge.ma\/biarritz-la-france-accueille-le-45e-sommet-du-g7-115926\/\">Cliquez ici pour lire l&rsquo;article depuis sa source.<\/a><\/p>\n","protected":false},"excerpt":{"rendered":"<p>La France accueille \u00e0 partir de ce samedi \u00e0 Biarritz, le 45e sommet du G7, plac\u00e9 cette ann\u00e9e sous le th\u00e8me de \u00ab la lutte contre les in\u00e9galit\u00e9s \u00bb. Le Sommet r\u00e9unira les Chefs d\u2019Etat et de gouvernement des sept pays les plus riches du bloc occidental : la France, l\u2019Allemagne, le Canada, les \u00c9tats-Unis, [&hellip;]<\/p>\n","protected":false},"author":1787,"featured_media":0,"comment_status":"closed","ping_status":"closed","sticky":false,"template":"","format":"standard","meta":{"fifu_image_url":"","fifu_image_alt":"","footnotes":""},"categories":[78,54],"tags":[],"class_list":["post-59040","post","type-post","status-publish","format-standard","hentry","category-economie","category-maroc"],"_links":{"self":[{"href":"https:\/\/linitiative.ca\/International\/wp-json\/wp\/v2\/posts\/59040","targetHints":{"allow":["GET"]}}],"collection":[{"href":"https:\/\/linitiative.ca\/International\/wp-json\/wp\/v2\/posts"}],"about":[{"href":"https:\/\/linitiative.ca\/International\/wp-json\/wp\/v2\/types\/post"}],"author":[{"embeddable":true,"href":"https:\/\/linitiative.ca\/International\/wp-json\/wp\/v2\/users\/1787"}],"replies":[{"embeddable":true,"href":"https:\/\/linitiative.ca\/International\/wp-json\/wp\/v2\/comments?post=59040"}],"version-history":[{"count":0,"href":"https:\/\/linitiative.ca\/International\/wp-json\/wp\/v2\/posts\/59040\/revisions"}],"wp:attachment":[{"href":"https:\/\/linitiative.ca\/International\/wp-json\/wp\/v2\/media?parent=59040"}],"wp:term":[{"taxonomy":"category","embeddable":true,"href":"https:\/\/linitiative.ca\/International\/wp-json\/wp\/v2\/categories?post=59040"},{"taxonomy":"post_tag","embeddable":true,"href":"https:\/\/linitiative.ca\/International\/wp-json\/wp\/v2\/tags?post=59040"}],"curies":[{"name":"wp","href":"https:\/\/api.w.org\/{rel}","templated":true}]}}