{"id":59041,"date":"2019-08-23T18:07:44","date_gmt":"2019-08-23T22:07:44","guid":{"rendered":"https:\/\/linitiative.ca\/International\/lamazonie-en-feu-une-affaire-de-souverainete-etatique\/"},"modified":"2019-08-23T18:07:44","modified_gmt":"2019-08-23T22:07:44","slug":"lamazonie-en-feu-une-affaire-de-souverainete-etatique","status":"publish","type":"post","link":"https:\/\/linitiative.ca\/International\/lamazonie-en-feu-une-affaire-de-souverainete-etatique\/","title":{"rendered":"L\u2019Amazonie en feu\u00a0: une affaire de souverainet\u00e9 \u00e9tatique\u00a0?"},"content":{"rendered":"<p><strong>Le droit international a \u00e9t\u00e9 con\u00e7u pour prot\u00e9ger la communaut\u00e9 internationale contre les menaces trans-frontali\u00e8res qui p\u00e8sent sur l\u2019ensemble des Etats et des peuples du monde.<\/strong><\/p>\n<div class=\"c10\"\/>\n<p>L\u2019Amazonie se situe \u00e0 63% au Br\u00e9sil. C\u2019est la r\u00e9gion de l\u2019Am\u00e9rique du Sud, domin\u00e9e par la for\u00eat tropicale et couvrant 6,7 millions de km\u00b2 dans neuf pays ou territoires dont le Br\u00e9sil (63%), le P\u00e9rou (10%), la Colombie (7%), la Bolivie (6%), le V\u00e9n\u00e9zuela (6%)\u2026 Avec le bassin de l\u2019Amazone, la superficie totale atteint environ 7,3 millions de km\u00b2.<\/p>\n<p>Nous sommes face \u00e0 la plus grande for\u00eat dans le monde, repr\u00e9sentant 50% des for\u00eats tropicales de la plan\u00e8te Terre, produisant 15% de l\u2019eau des rivi\u00e8res et constituant un frein au changement climatique gr\u00e2ce \u00e0 l\u2019absorption du CO2. C\u2019est aussi un milieu naturel o\u00f9 vivent 10% de toutes les esp\u00e8ces animales du monde et plus de 40\u00a0000 esp\u00e8ces v\u00e9g\u00e9tales. 95 esp\u00e8ces de fourmis vivent sur un seul arbre amazonien, alors que 105 esp\u00e8ces vivent dans l\u2019ensemble de l\u2019Allemagne. C\u2019est dire l\u2019extr\u00eame richesse de la biodiversit\u00e9 dans cette immense for\u00eat.<\/p>\n<p>Actuellement, la d\u00e9forestation est la principale menace qui p\u00e8se sur l\u2019Amazonie. Chaque ann\u00e9e, 2,27% de la for\u00eat amazonienne disparait, et, d\u00e9j\u00e0, plus de 20% de la superficie a \u00e9t\u00e9 d\u00e9truite, \u00e0 cause de l\u2019activit\u00e9 humaine.<\/p>\n<p>Depuis le d\u00e9but du mois de juillet de cette ann\u00e9e, les incendies n\u2019ont pas cess\u00e9 de se propager jusqu\u2019\u00e0 soulever l\u2019inqui\u00e9tude au niveau mondial.<\/p>\n<p><strong>Est-ce une affaire de souverainet\u00e9 relevant exclusivement de l\u2019Etat du Br\u00e9sil\u00a0?<\/strong><\/p>\n<p>D\u00e9j\u00e0, depuis longtemps, le Fonds mondial pour la nature (WWF) avait lanc\u00e9 un programme pour sauver l\u2019Amazonie, le \u00ab\u00a0Living Amazon Initiative\u00a0\u00bb, pour trouver des alternatives avec les gouvernements, les entreprises et les communaut\u00e9s locales, en vue de prot\u00e9ger la biodiversit\u00e9 dans cette r\u00e9gion du monde, consid\u00e9r\u00e9e comme le \u00ab\u00a0poumon de la plan\u00e8te Terre\u00a0\u00bb. Car sa destruction aurait irr\u00e9m\u00e9diablement des cons\u00e9quences au niveau plan\u00e9taire. De m\u00eame, l\u2019UNESCO y a cr\u00e9\u00e9 des \u00ab\u00a0r\u00e9serves de biosph\u00e8re\u00a0\u00bb, et a inscrit le parc national de Manu, le parc national Noel Kempff Mercado et le complexe de conservation de l\u2019Am\u00e9rique centrale sur la liste du patrimoine mondial. D\u2019apr\u00e8s les scientifiques, l\u2019Amazonie repr\u00e9sente plus de 50% de l\u2019air de la plan\u00e8te Terre.<\/p>\n<p>Face aux incendies qui se sont multipli\u00e9s cet \u00e9t\u00e9, Antonio Guterres, Secr\u00e9taire G\u00e9n\u00e9ral de l\u2019ONU, a d\u00e9clar\u00e9 \u00eatre \u00ab\u00a0profond\u00e9ment pr\u00e9occup\u00e9\u00a0\u00bb, pour ensuite affirmer que \u00ab\u00a0nous ne pouvons accepter davantage de d\u00e9g\u00e2ts sur une source majeure d\u2019oxyg\u00e8ne et de biodiversit\u00e9\u00a0\u00bb. Certains chefs d\u2019Etat, comme le pr\u00e9sident Macron, rejoindront cette d\u00e9claration, ce qui a transform\u00e9 la situation en Amazonie en une v\u00e9ritable crise internationale. Le pr\u00e9sident d\u2019extr\u00eame droite au Br\u00e9sil, Jair Bolsonaro, a ripost\u00e9 en qualifiant les propos de Macron de \u00ab\u00a0mentalit\u00e9 colonialiste\u00a0\u00bb. Pourtant la sonnette d\u2019alarme a \u00e9t\u00e9 tir\u00e9e par de nombreux acteurs non gouvernementaux parmi lesquels des scientifiques et des ONG dont la cr\u00e9dibilit\u00e9 est reconnue.<\/p>\n<p>Ainsi, l\u2019Institut br\u00e9silien de recherche spatiale a pu, en un mois, recenser pas moins de 75.300 feux de for\u00eat. Pour les organisations \u00e9cologistes, ces incendies sont directement li\u00e9s \u00e0 la d\u00e9forestation. De nombreuses c\u00e9l\u00e9brit\u00e9s telles Ronaldo et Madonna, ont rejoint ce mouvement de contestation. Greta Thunberg a appel\u00e9 \u00e0 une manifestation \u00e0 travers le monde. Une p\u00e9tition internationale pour \u00ab\u00a0stopper l\u2019incendie\u00a0\u00bb a d\u00e9j\u00e0 recueilli plus de 2,5 millions de signatures.<\/p>\n<p>Alors que Jair Bolsonaro, pr\u00e9sident du Br\u00e9sil, climatosceptique, se cache derri\u00e8re la th\u00e9orie du complot, 118 ONG se sont \u00e9lev\u00e9es contre son \u00ab\u00a0irresponsabilit\u00e9\u00a0\u00bb et ont appel\u00e9 \u00e0 faire pression sur Brasilia. \u00ab\u00a0La Communaut\u00e9 Internationale\u00a0 doit participer \u00e0 ce r\u00f4le de contr\u00f4le du gouvernement Bolsonaro, prendre des mesures et soutenir la soci\u00e9t\u00e9 civile de ce pays qui est en \u00e9tat d\u2019urgence aujourd\u2019hui\u00a0\u00bb.<\/p>\n<p>L\u2019impact des incendies en Amazonie a incontestablement une dimension mondiale, bien au-del\u00e0 des fronti\u00e8res \u00e9tatiques physiques du Br\u00e9sil. De ce fait, la Communaut\u00e9 Internationale, \u00e0 travers l\u2019ONU, ne peut pas rester indiff\u00e9rente face \u00e0 des menaces pesant sur l\u2019humanit\u00e9 toute enti\u00e8re, voire sur toutes les esp\u00e8ces vivantes, celles d\u2019aujourd\u2019hui et\u00a0 de demain. \u00a0\u00a0\u00a0\u00a0<\/p>\n<div class=\"c17\">\n<fieldset class=\"c16\">\n<legend><strong><span class=\"c11\">Challenge<\/span><span class=\"c12\">news<\/span><\/strong><\/legend>\n<div class=\"c15\">Le meilleur de la r\u00e9daction s\u00e9lectionn\u00e9 par Challenge :<\/p>\n<\/div>\n<\/fieldset>\n<\/div>\n<p>Auteur: Mohamed Amine<br \/>\n<a href=\"https:\/\/www.challenge.ma\/lamazonie-en-feu-une-affaire-de-souverainete-etatique-115920\/\">Cliquez ici pour lire l&rsquo;article depuis sa source.<\/a><\/p>\n","protected":false},"excerpt":{"rendered":"<p>Le droit international a \u00e9t\u00e9 con\u00e7u pour prot\u00e9ger la communaut\u00e9 internationale contre les menaces trans-frontali\u00e8res qui p\u00e8sent sur l\u2019ensemble des Etats et des peuples du monde. L\u2019Amazonie se situe \u00e0 63% au Br\u00e9sil. C\u2019est la r\u00e9gion de l\u2019Am\u00e9rique du Sud, domin\u00e9e par la for\u00eat tropicale et couvrant 6,7 millions de km\u00b2 dans neuf pays ou [&hellip;]<\/p>\n","protected":false},"author":1787,"featured_media":0,"comment_status":"closed","ping_status":"closed","sticky":false,"template":"","format":"standard","meta":{"fifu_image_url":"","fifu_image_alt":"","footnotes":""},"categories":[78,54],"tags":[],"class_list":["post-59041","post","type-post","status-publish","format-standard","hentry","category-economie","category-maroc"],"_links":{"self":[{"href":"https:\/\/linitiative.ca\/International\/wp-json\/wp\/v2\/posts\/59041","targetHints":{"allow":["GET"]}}],"collection":[{"href":"https:\/\/linitiative.ca\/International\/wp-json\/wp\/v2\/posts"}],"about":[{"href":"https:\/\/linitiative.ca\/International\/wp-json\/wp\/v2\/types\/post"}],"author":[{"embeddable":true,"href":"https:\/\/linitiative.ca\/International\/wp-json\/wp\/v2\/users\/1787"}],"replies":[{"embeddable":true,"href":"https:\/\/linitiative.ca\/International\/wp-json\/wp\/v2\/comments?post=59041"}],"version-history":[{"count":0,"href":"https:\/\/linitiative.ca\/International\/wp-json\/wp\/v2\/posts\/59041\/revisions"}],"wp:attachment":[{"href":"https:\/\/linitiative.ca\/International\/wp-json\/wp\/v2\/media?parent=59041"}],"wp:term":[{"taxonomy":"category","embeddable":true,"href":"https:\/\/linitiative.ca\/International\/wp-json\/wp\/v2\/categories?post=59041"},{"taxonomy":"post_tag","embeddable":true,"href":"https:\/\/linitiative.ca\/International\/wp-json\/wp\/v2\/tags?post=59041"}],"curies":[{"name":"wp","href":"https:\/\/api.w.org\/{rel}","templated":true}]}}