{"id":59042,"date":"2019-08-24T16:12:50","date_gmt":"2019-08-24T20:12:50","guid":{"rendered":"https:\/\/linitiative.ca\/International\/retour-en-europe-avis-important-de-tanger-med\/"},"modified":"2019-08-24T16:12:50","modified_gmt":"2019-08-24T20:12:50","slug":"retour-en-europe-avis-important-de-tanger-med","status":"publish","type":"post","link":"https:\/\/linitiative.ca\/International\/retour-en-europe-avis-important-de-tanger-med\/","title":{"rendered":"Retour en Europe : Avis important de Tanger Med"},"content":{"rendered":"<p><strong>Apr\u00e8s avoir pass\u00e9 des vacances dans leur pays d\u2019origine, les Marocains r\u00e9sidant \u00e0 l\u2019Etranger prennent le chemin de retour vers leurs pays d\u2019accueil. Tanger Med est au rendez-vous pour leur assurer un bon retour.<\/strong><\/p>\n<div class=\"c10\"\/>\n<p>Des centaines de milliers de ressortissants marocains passeront par le <strong>Port Tanger Med<\/strong> pour regagner leurs diff\u00e9rents pays d\u2019accueil en Europe. Ainsi, ce point de passage conna\u00eetra une forte affluence, principalement en cette derni\u00e8re semaine du mois d\u2019ao\u00fbt.<\/p>\n<p>Lire aussi : <a href=\"https:\/\/www.challenge.ma\/retour-en-europe-ce-passage-est-a-eviter-ce-weekend-115832\/\">Retour en Europe : Ce passage est \u00e0 \u00e9viter ce weekend<\/a><\/p>\n<p>A cet effet, Tanger Med a produit plusieurs spots de sensibilisation pour pr\u00e9parer le retour des MRE (voir vid\u00e9o). L\u2019autorit\u00e9 portuaire exhorte les <strong>ressortissants marocains<\/strong> \u00e0 \u00e9viter de programmer leur retour en Europe pendant cette p\u00e9riode (derni\u00e8re semaine d\u2019ao\u00fbt), en particulier du 27 au 31 ao\u00fbt.<\/p>\n<div class=\"wp-block-embed__wrapper\"><iframe loading=\"lazy\" title=\"\ud83d\udea8 AVIS IMPORTANT : Tanger Med Passagers - Pr\u00e9visions de trafic Op\u00e9ration Marhaba 2019\" width=\"1140\" height=\"641\" src=\"https:\/\/www.youtube.com\/embed\/7_HCotzr2-A?feature=oembed\" frameborder=\"0\" allow=\"accelerometer; autoplay; encrypted-media; gyroscope; picture-in-picture\" allowfullscreen=\"\">[embedded content]<\/iframe><\/div>\n<p>\u00ab\u00a0Afin d\u2019\u00e9viter le trafic exceptionnel observ\u00e9 durant la derni\u00e8re semaine d\u2019ao\u00fbt 2018, et voyager en toute s\u00e9r\u00e9nit\u00e9, nous vous commandant de choisir la date de travers\u00e9e \u00e0 partir du Maroc en fonction des pr\u00e9visions de trafic 2019 disponibles sur notre siteweb tanger-passagers.ma ou en t\u00e9l\u00e9chargeant l\u2019application mobile <strong>Tanger Med passagers<\/strong>\u00ab\u00a0, rappelle l\u2019avis de Tanger Med.<\/p>\n<p>Les services portuaires indiquent que 567.932 passagers et 159.110 voitures ont regagn\u00e9 le Maroc via le port de Tanger Med et ce, depuis le d\u00e9but de la campagne <strong>Marhaba 2019<\/strong> et jusqu\u2019au 5 ao\u00fbt. L\u2019administration du Port a pr\u00e9cis\u00e9 par ailleurs qu\u2019elle a mis en place un dispositif pour am\u00e9liorer les conditions des passagers. Leurs efforts portent essentiellement sur l\u2019optimisation du temps de transit des MRE.<\/p>\n<div class=\"c17\">\n<fieldset class=\"c16\">\n<legend><strong><span class=\"c11\">Challenge<\/span><span class=\"c12\">news<\/span><\/strong><\/legend>\n<div class=\"c15\">Le meilleur de la r\u00e9daction s\u00e9lectionn\u00e9 par Challenge :<\/p>\n<\/div>\n<\/fieldset>\n<\/div>\n<p>Auteur: Hassan Manyani<br \/>\n<a href=\"https:\/\/www.challenge.ma\/retour-en-europe-avis-important-de-tanger-med-115939\/\">Cliquez ici pour lire l&rsquo;article depuis sa source.<\/a><\/p>\n","protected":false},"excerpt":{"rendered":"<p>Apr\u00e8s avoir pass\u00e9 des vacances dans leur pays d\u2019origine, les Marocains r\u00e9sidant \u00e0 l\u2019Etranger prennent le chemin de retour vers leurs pays d\u2019accueil. Tanger Med est au rendez-vous pour leur assurer un bon retour. Des centaines de milliers de ressortissants marocains passeront par le Port Tanger Med pour regagner leurs diff\u00e9rents pays d\u2019accueil en Europe. [&hellip;]<\/p>\n","protected":false},"author":1787,"featured_media":0,"comment_status":"closed","ping_status":"closed","sticky":false,"template":"","format":"standard","meta":{"fifu_image_url":"","fifu_image_alt":"","footnotes":""},"categories":[78,54],"tags":[],"class_list":["post-59042","post","type-post","status-publish","format-standard","hentry","category-economie","category-maroc"],"_links":{"self":[{"href":"https:\/\/linitiative.ca\/International\/wp-json\/wp\/v2\/posts\/59042","targetHints":{"allow":["GET"]}}],"collection":[{"href":"https:\/\/linitiative.ca\/International\/wp-json\/wp\/v2\/posts"}],"about":[{"href":"https:\/\/linitiative.ca\/International\/wp-json\/wp\/v2\/types\/post"}],"author":[{"embeddable":true,"href":"https:\/\/linitiative.ca\/International\/wp-json\/wp\/v2\/users\/1787"}],"replies":[{"embeddable":true,"href":"https:\/\/linitiative.ca\/International\/wp-json\/wp\/v2\/comments?post=59042"}],"version-history":[{"count":0,"href":"https:\/\/linitiative.ca\/International\/wp-json\/wp\/v2\/posts\/59042\/revisions"}],"wp:attachment":[{"href":"https:\/\/linitiative.ca\/International\/wp-json\/wp\/v2\/media?parent=59042"}],"wp:term":[{"taxonomy":"category","embeddable":true,"href":"https:\/\/linitiative.ca\/International\/wp-json\/wp\/v2\/categories?post=59042"},{"taxonomy":"post_tag","embeddable":true,"href":"https:\/\/linitiative.ca\/International\/wp-json\/wp\/v2\/tags?post=59042"}],"curies":[{"name":"wp","href":"https:\/\/api.w.org\/{rel}","templated":true}]}}