{"id":59055,"date":"2019-08-24T14:50:03","date_gmt":"2019-08-24T18:50:03","guid":{"rendered":"https:\/\/linitiative.ca\/International\/afrique-du-sud-buthelezi-abandonne-le-leadership-du-parti-zoulou-apres-44-ans\/"},"modified":"2019-08-24T14:50:03","modified_gmt":"2019-08-24T18:50:03","slug":"afrique-du-sud-buthelezi-abandonne-le-leadership-du-parti-zoulou-apres-44-ans","status":"publish","type":"post","link":"https:\/\/linitiative.ca\/International\/afrique-du-sud-buthelezi-abandonne-le-leadership-du-parti-zoulou-apres-44-ans\/","title":{"rendered":"Afrique du Sud: Buthelezi abandonne le leadership du parti zoulou apr\u00e8s 44 ans"},"content":{"rendered":"<div readability=\"32\">\n<p>Publi\u00e9 le 24.08.2019 \u00e0 19h50 par AFP<\/p>\n<\/div>\n<div readability=\"76\">\n<p>Le chef de l\u2019historique parti zoulou Inkhata d\u2019Afrique du Sud, Mangosuthu Buthelezi, a annonc\u00e9 samedi qu\u2019il d\u00e9missionnait apr\u00e8s 44 ans \u00e0 son poste et \u00e0 pr\u00e8s de 91 ans, a-t-il annonc\u00e9 samedi.<\/p>\n<p>Mangosuthu Buthelezi dirigeait le parti nationaliste zoulou Inkatha Freedom (IFP), influent sous le r\u00e9gime d\u2019apartheid et \u00e0 l\u2019origine des violences les plus marquantes du pays au cours des premi\u00e8res \u00e9lections multiraciales de 1994.<\/p>\n<p>M. Buthelezi a d\u2019abord \u00e9t\u00e9 membre de l\u2019ANC jusqu\u2019\u00e0 sa rupture pour cr\u00e9er l\u2019IFP en 1975. Il a dirig\u00e9 le parti d\u00e8s ses d\u00e9buts, un r\u00e8gne marqu\u00e9 par des guerres territoriales sanglantes avec les militants de l\u2019ANC dans les townships \u00e0 majorit\u00e9 noire pendant les ann\u00e9es 1980 et 1990.<\/p>\n<p>\u00ab\u00a0Je ne me pr\u00e9senterai pas \u00e0 ma propre succession\u00a0\u00bb, a-t-il d\u00e9clar\u00e9 samedi pendant le congr\u00e8s de son parti, r\u00e9uni \u00e0 Ulundi, dans le nord-est du pays, r\u00e9uni pour \u00e9lire un nouveau chef.<\/p>\n<p>\u00ab\u00a0Mes jours en tant que pr\u00e9sident de l\u2019IFP sont derri\u00e8re moi, je passe le relais cet apr\u00e8s-midi\u00a0\u00bb, a-t-il annonc\u00e9 aux d\u00e9l\u00e9gu\u00e9s , \u00e9voquant le trajet \u00ab\u00a0long\u00a0\u00bb et \u00ab\u00a0difficile\u00a0\u00bb qu\u2019il avait parcouru.<\/p>\n<p>Ayant occup\u00e9 les fonctions de Premier ministre du territoire \u00ab\u00a0ind\u00e9pendant\u00a0\u00bb de KwaZulu, une cr\u00e9ation politique du gouvernement de l\u2019apartheid, Mangosuthu Buthelezi a souvent \u00e9t\u00e9 consid\u00e9r\u00e9 comme un alli\u00e9 de ce r\u00e9gime raciste, ce qu\u2019il a toujours ni\u00e9.<\/p>\n<p>L\u2019IFP est soutenu par les Zoulous, le plus grand groupe ethnique du pays. Le parti, qui avait remport\u00e9 43 si\u00e8ges aux premi\u00e8res \u00e9lections multiraciales apr\u00e8s marquant la fin de l\u2019apartheid en 1994, n\u2019a obtenu que 14 si\u00e8ges aux derni\u00e8res \u00e9lections de mai 2019.<\/p>\n<\/div>\n<p>Auteur: AFP<br \/>\n<a href=\"https:\/\/www.journalducameroun.com\/afrique-du-sud-buthelezi-abandonne-le-leadership-du-parti-zoulou-apres-44-ans\/\">Cliquez ici pour lire l&rsquo;article depuis sa source.<\/a><\/p>\n","protected":false},"excerpt":{"rendered":"<p>Publi\u00e9 le 24.08.2019 \u00e0 19h50 par AFP Le chef de l\u2019historique parti zoulou Inkhata d\u2019Afrique du Sud, Mangosuthu Buthelezi, a annonc\u00e9 samedi qu\u2019il d\u00e9missionnait apr\u00e8s 44 ans \u00e0 son poste et \u00e0 pr\u00e8s de 91 ans, a-t-il annonc\u00e9 samedi. Mangosuthu Buthelezi dirigeait le parti nationaliste zoulou Inkatha Freedom (IFP), influent sous le r\u00e9gime d\u2019apartheid et [&hellip;]<\/p>\n","protected":false},"author":1965,"featured_media":0,"comment_status":"closed","ping_status":"closed","sticky":false,"template":"","format":"standard","meta":{"fifu_image_url":"","fifu_image_alt":"","footnotes":""},"categories":[73,82],"tags":[],"class_list":["post-59055","post","type-post","status-publish","format-standard","hentry","category-actualite","category-cameroun"],"_links":{"self":[{"href":"https:\/\/linitiative.ca\/International\/wp-json\/wp\/v2\/posts\/59055","targetHints":{"allow":["GET"]}}],"collection":[{"href":"https:\/\/linitiative.ca\/International\/wp-json\/wp\/v2\/posts"}],"about":[{"href":"https:\/\/linitiative.ca\/International\/wp-json\/wp\/v2\/types\/post"}],"author":[{"embeddable":true,"href":"https:\/\/linitiative.ca\/International\/wp-json\/wp\/v2\/users\/1965"}],"replies":[{"embeddable":true,"href":"https:\/\/linitiative.ca\/International\/wp-json\/wp\/v2\/comments?post=59055"}],"version-history":[{"count":0,"href":"https:\/\/linitiative.ca\/International\/wp-json\/wp\/v2\/posts\/59055\/revisions"}],"wp:attachment":[{"href":"https:\/\/linitiative.ca\/International\/wp-json\/wp\/v2\/media?parent=59055"}],"wp:term":[{"taxonomy":"category","embeddable":true,"href":"https:\/\/linitiative.ca\/International\/wp-json\/wp\/v2\/categories?post=59055"},{"taxonomy":"post_tag","embeddable":true,"href":"https:\/\/linitiative.ca\/International\/wp-json\/wp\/v2\/tags?post=59055"}],"curies":[{"name":"wp","href":"https:\/\/api.w.org\/{rel}","templated":true}]}}