{"id":59058,"date":"2019-08-25T06:00:01","date_gmt":"2019-08-25T10:00:01","guid":{"rendered":"https:\/\/linitiative.ca\/International\/les-litteratures-itinerantes-debarquent-a-marrakech\/"},"modified":"2019-08-25T06:00:01","modified_gmt":"2019-08-25T10:00:01","slug":"les-litteratures-itinerantes-debarquent-a-marrakech","status":"publish","type":"post","link":"https:\/\/linitiative.ca\/International\/les-litteratures-itinerantes-debarquent-a-marrakech\/","title":{"rendered":"Les  \u00abLitt\u00e9ratures itin\u00e9rantes\u00bb  d\u00e9barquent \u00e0 Marrakech"},"content":{"rendered":"<p class=\"c4\"><strong><span class=\"c3\"><span class=\"c2\">U<\/span>n \u00e9v\u00e9nement livresque et litt\u00e9raire tr\u00e8s attendu lors de cette rentr\u00e9e\u00a0! En effet, \u00a0la troisi\u00e8me \u00e9dition de \u00abLitt\u00e9ratures itin\u00e9rantes\u00bb \u00a0d\u00e9pose ses valises le 5 octobre 2019 dans la ville ocre, Marrakech.<\/span><\/strong><\/p>\n<p class=\"c4\">En outre, et apr\u00e8s les villes des Rabat au quai des cr\u00e9ateurs et \u00a0Casablanca \u00e0 Anfa Place, \u00a0c\u2019est au tour de l\u2019esplanade de la Koutoubia d\u2019accueillir cette grande f\u00eate litt\u00e9raire. Au total, ce sont 40 signatures qui seront pr\u00e9sentes lors cet \u00e9v\u00e9nement pour rencontrer les lecteurs, les lectrices et les amoureux du livre et des litt\u00e9ratures en langue arabe, fran\u00e7aise et m\u00eame amazighe.<\/p>\n<p class=\"c4\">Parmi les noms qui seront pr\u00e9sents figurent\u00a0: Driss Allouch,\u00a0 Fatema Chahid, Ahmed Boukous, Najat Vallaud Belkacem (France), Rasha Al Ameer (Liban), Mohamed Berrada, Raja Ben Slama (Tunisie), Mohamed Ennaji, Fatema Hal, Fatema Zohra Riad, Sanaa El Aji, Mohamed Akounad, Touria Hadraoui, Asmaa Lemrabet, Abdelfetah Kilito, Fethi Ben Haj Yahia (Tunisie), Rajae Benchemsi, Taha Adnan (Belgique), Halima Hamdane,\u00a0 Souad Jamai, Salim Jay (France), Hinde Taarji, Zakya Daoud, Jalil Bennani, Mohamed Mbougar Sarr (S\u00e9n\u00e9gal), Soumaya Naamane Guessous, Mohammed Achaari, Yasmine Chami, Mahi Binebine, Yasmine Chami, Smail Ghazali et bien d\u2019autres noms.<\/p>\n<p class=\"c4\">Cette \u00e9dition sera marqu\u00e9e par des temps forts qui\u00a0 ponctueront\u00a0 et meubleront le programme de la journ\u00e9e en l\u2019occurrence la tenue de la deuxi\u00e8me \u00e9dition du Prix de la nouvelle, mais aussi la publication en amont d\u2019un recueil regroupant 40 textes des 40 \u00e9crivain(e)s participant(e)s \u00e0 cette troisi\u00e8me \u00e9dition plac\u00e9e sous le th\u00e8me \u00ab\u00a0L\u2019\u00e9criture et la parole\u00a0\u00bb. Ce collectif, expliquent les organisateurs, est un floril\u00e8ge de textes \u00a0\u00e9crit en langue arabe, en fran\u00e7ais et amazighe.<\/p>\n<p class=\"c4\">Rappelons que ce livre est pr\u00e9fac\u00e9 par l\u2019\u00e9crivain et romancier\u00a0 Abdelkader Chaoui, et il sera disponible sur l\u2019esplanade de la Koutoubia le jour de la manifestation. Par ailleurs, cette manifestation sera marqu\u00e9e par deux conf\u00e9rences litt\u00e9raires et intellectuelles phares avec les deux langues arabe et fran\u00e7aise sur le th\u00e8me \u00ab\u00a0L\u2019\u00e9criture et la parole\u00a0\u00bb avec la participation de Mohammed Achaari,\u00a0Rasha Al Ameer, Mohamed Berrada, Najat Vallaud Belkacem, Raja Ben Slama, Mohammed Ennaji et d\u2019autres noms connus dans le milieu litt\u00e9raire. \u00abLa manifestation litt\u00e9raire qui a l\u2019ambition de rendre au livre ses lettres de noblesse en lui conf\u00e9rant une place dans le paysage culturel marocain.<\/p>\n<p class=\"c4\">Des \u00e9crivain(e)s qui vont dans la rue \u00e0 la rencontre des lecteurs de toutes les cat\u00e9gories sociales pour leur proposer l\u2019\u00e9change, l\u2019amour, le r\u00eave, la culture, l\u2019\u00e9ducation, la lecture\u2026 Des messagers des mots\u00bb, souligne Nadia Essalmi cr\u00e9atrice de l\u2019\u00e9v\u00e9nement. Cette manifestation a plusieurs objectifs, explique-t-elle, \u00a0d\u00e9sacraliser le livre et son \u00e9crivain, poser le livre dans les mains de celle ou celui qui l\u2019apprivoisera, faire d\u00e9couvrir de nouveaux talents, rapprocher les c\u00e9l\u00e9brit\u00e9s litt\u00e9raires du peuple, donner de la visibilit\u00e9 aux jeunes \u00e9crivain(e)s, b\u00e2tir des ponts entre diff\u00e9rentes cultures.<\/p>\n<p class=\"c5\"><strong>Mohamed Nait Youssef<\/strong><\/p>\n<p>Auteur: M&rsquo;hammed rahal<br \/>\n<a href=\"http:\/\/albayane.press.ma\/les-litteratures-itinerantes-debarquent-a-jamaa-el-fna.html\">Cliquez ici pour lire l&rsquo;article depuis sa source.<\/a><\/p>\n","protected":false},"excerpt":{"rendered":"<p>Un \u00e9v\u00e9nement livresque et litt\u00e9raire tr\u00e8s attendu lors de cette rentr\u00e9e\u00a0! En effet, \u00a0la troisi\u00e8me \u00e9dition de \u00abLitt\u00e9ratures itin\u00e9rantes\u00bb \u00a0d\u00e9pose ses valises le 5 octobre 2019 dans la ville ocre, Marrakech. En outre, et apr\u00e8s les villes des Rabat au quai des cr\u00e9ateurs et \u00a0Casablanca \u00e0 Anfa Place, \u00a0c\u2019est au tour de l\u2019esplanade de la [&hellip;]<\/p>\n","protected":false},"author":1760,"featured_media":0,"comment_status":"closed","ping_status":"closed","sticky":false,"template":"","format":"standard","meta":{"fifu_image_url":"","fifu_image_alt":"","footnotes":""},"categories":[73,54],"tags":[],"class_list":["post-59058","post","type-post","status-publish","format-standard","hentry","category-actualite","category-maroc"],"_links":{"self":[{"href":"https:\/\/linitiative.ca\/International\/wp-json\/wp\/v2\/posts\/59058","targetHints":{"allow":["GET"]}}],"collection":[{"href":"https:\/\/linitiative.ca\/International\/wp-json\/wp\/v2\/posts"}],"about":[{"href":"https:\/\/linitiative.ca\/International\/wp-json\/wp\/v2\/types\/post"}],"author":[{"embeddable":true,"href":"https:\/\/linitiative.ca\/International\/wp-json\/wp\/v2\/users\/1760"}],"replies":[{"embeddable":true,"href":"https:\/\/linitiative.ca\/International\/wp-json\/wp\/v2\/comments?post=59058"}],"version-history":[{"count":0,"href":"https:\/\/linitiative.ca\/International\/wp-json\/wp\/v2\/posts\/59058\/revisions"}],"wp:attachment":[{"href":"https:\/\/linitiative.ca\/International\/wp-json\/wp\/v2\/media?parent=59058"}],"wp:term":[{"taxonomy":"category","embeddable":true,"href":"https:\/\/linitiative.ca\/International\/wp-json\/wp\/v2\/categories?post=59058"},{"taxonomy":"post_tag","embeddable":true,"href":"https:\/\/linitiative.ca\/International\/wp-json\/wp\/v2\/tags?post=59058"}],"curies":[{"name":"wp","href":"https:\/\/api.w.org\/{rel}","templated":true}]}}