{"id":59063,"date":"2019-08-25T13:03:58","date_gmt":"2019-08-25T17:03:58","guid":{"rendered":"https:\/\/linitiative.ca\/International\/abou-leila-de-amine-sidi-boumediene-au-20e-festival-de-calgary\/"},"modified":"2019-08-25T13:03:58","modified_gmt":"2019-08-25T17:03:58","slug":"abou-leila-de-amine-sidi-boumediene-au-20e-festival-de-calgary","status":"publish","type":"post","link":"https:\/\/linitiative.ca\/International\/abou-leila-de-amine-sidi-boumediene-au-20e-festival-de-calgary\/","title":{"rendered":"\u00ab\u00a0Abou Le\u00efla\u00a0\u00bb de Amine Sidi Boumediene au 20e Festival de Calgary"},"content":{"rendered":"<div>\n<div class=\"K2FeedImage\"><img decoding=\"async\" src=\"http:\/\/www.aps.dz\/media\/k2\/items\/cache\/3fd80c165e88eba8a12a836dba961699_S.jpg\" alt=\"\" abou le de amine sidi boumediene au festival calgary><\/div>\n<div class=\"K2FeedIntroText\">\n<p><strong>ALGER &#8211; Le long m\u00e9trage de fiction, \u00ab\u00a0Abou Le\u00efla\u00a0\u00bb de Amine Sidi Boumediene a \u00e9t\u00e9 programm\u00e9 en comp\u00e9tition au 20e Festival international du cin\u00e9ma de Calgary (Canada) pr\u00e9vu du 18 au 29 septembre prochain, annoncent les organisateurs.<\/strong><\/p>\n<\/div>\n<div class=\"K2FeedFullText\">\n<p>Coproduction, alg\u00e9ro-franco-qatarie de 140 mn, \u00ab\u00a0Abou Le\u00efla\u00a0\u00bb revient sur les \u00e9v\u00e8nements tragiques des ann\u00e9es 1990, \u00e0 travers l&rsquo;histoire des jeunes Samir jou\u00e9 par Slimane Benouari et Lotfi camp\u00e9 par Lyes Salem qui traquent dans le d\u00e9sert alg\u00e9rien, Abou Le\u00efla, un dangereux terroriste.<\/p>\n<p>\u00ab\u00a0Abou Leila\u00a0\u00bb explore l&rsquo;important impact sur la soci\u00e9t\u00e9 de la violence et des traumatismes qui y sont li\u00e9s.<\/p>\n<p>Programm\u00e9 72e Festival de Cannes, en mai dernier, dans la section \u00ab\u00a0Semaine de la critique\u00a0\u00bb, \u00ab\u00a0Abou Le\u00efla\u00a0\u00bb est le premier long m\u00e9trage de Amine Sidi Boumediene, apr\u00e8s ses deux courts m\u00e9trages, \u00ab\u00a0Demain Alger?\u00a0\u00bb et \u00ab\u00a0El Djazira\u00a0\u00bb.<\/p>\n<p>Ce film avait \u00e9galement \u00e9t\u00e9 projet\u00e9 au 25e festival de Sarajevo (Bosnie Herz\u00e9govine) derni\u00e8rement.<\/p>\n<p>Pour son 20e anniversaire, le Festival international du cin\u00e9ma de Calgary pr\u00e9voit la projection de pr\u00e8s de 200 films des plus marquants de l&rsquo;ann\u00e9e.<\/p>\n<p>Consid\u00e9r\u00e9 comme l&rsquo;un des festivals les plus important du Canada, cet \u00e9v\u00e9nement pr\u00e9voit des focus, des films d&rsquo;\u00e9cole, des concerts de musique et des formations et des initiation destin\u00e9es aux jeunes.<\/p>\n<\/div>\n<\/div>\n<p>Auteur:<br \/>\n<a href=\"http:\/\/www.aps.dz\/culture\/93542-abou-leila-de-amine-sidi-boumediene-au-20e-festival-de-calgary\">Cliquez ici pour lire l&rsquo;article depuis sa source.<\/a><\/p>\n","protected":false},"excerpt":{"rendered":"<p>ALGER &#8211; Le long m\u00e9trage de fiction, \u00ab\u00a0Abou Le\u00efla\u00a0\u00bb de Amine Sidi Boumediene a \u00e9t\u00e9 programm\u00e9 en comp\u00e9tition au 20e Festival international du cin\u00e9ma de Calgary (Canada) pr\u00e9vu du 18 au 29 septembre prochain, annoncent les organisateurs. Coproduction, alg\u00e9ro-franco-qatarie de 140 mn, \u00ab\u00a0Abou Le\u00efla\u00a0\u00bb revient sur les \u00e9v\u00e8nements tragiques des ann\u00e9es 1990, \u00e0 travers l&rsquo;histoire [&hellip;]<\/p>\n","protected":false},"author":1790,"featured_media":59064,"comment_status":"closed","ping_status":"closed","sticky":false,"template":"","format":"standard","meta":{"fifu_image_url":"","fifu_image_alt":"","footnotes":""},"categories":[53,79],"tags":[],"class_list":["post-59063","post","type-post","status-publish","format-standard","has-post-thumbnail","hentry","category-algerie","category-culture"],"_links":{"self":[{"href":"https:\/\/linitiative.ca\/International\/wp-json\/wp\/v2\/posts\/59063","targetHints":{"allow":["GET"]}}],"collection":[{"href":"https:\/\/linitiative.ca\/International\/wp-json\/wp\/v2\/posts"}],"about":[{"href":"https:\/\/linitiative.ca\/International\/wp-json\/wp\/v2\/types\/post"}],"author":[{"embeddable":true,"href":"https:\/\/linitiative.ca\/International\/wp-json\/wp\/v2\/users\/1790"}],"replies":[{"embeddable":true,"href":"https:\/\/linitiative.ca\/International\/wp-json\/wp\/v2\/comments?post=59063"}],"version-history":[{"count":0,"href":"https:\/\/linitiative.ca\/International\/wp-json\/wp\/v2\/posts\/59063\/revisions"}],"wp:featuredmedia":[{"embeddable":true,"href":"https:\/\/linitiative.ca\/International\/wp-json\/"}],"wp:attachment":[{"href":"https:\/\/linitiative.ca\/International\/wp-json\/wp\/v2\/media?parent=59063"}],"wp:term":[{"taxonomy":"category","embeddable":true,"href":"https:\/\/linitiative.ca\/International\/wp-json\/wp\/v2\/categories?post=59063"},{"taxonomy":"post_tag","embeddable":true,"href":"https:\/\/linitiative.ca\/International\/wp-json\/wp\/v2\/tags?post=59063"}],"curies":[{"name":"wp","href":"https:\/\/api.w.org\/{rel}","templated":true}]}}