{"id":59075,"date":"2019-08-24T12:51:05","date_gmt":"2019-08-24T16:51:05","guid":{"rendered":"https:\/\/linitiative.ca\/International\/arrestation-dun-individu-pour-coups-et-blessures\/"},"modified":"2019-08-24T12:51:05","modified_gmt":"2019-08-24T16:51:05","slug":"arrestation-dun-individu-pour-coups-et-blessures","status":"publish","type":"post","link":"https:\/\/linitiative.ca\/International\/arrestation-dun-individu-pour-coups-et-blessures\/","title":{"rendered":"Arrestation d\u2019un individu pour coups et blessures"},"content":{"rendered":"<div class=\"single-featured\"><img alt=\"\" data-src=\"http:\/\/www.mapmarrakech.ma\/map\/uploads\/2019\/07\/arrestation-copier.jpg\"\/><\/div>\n<div class=\"single-post-excerpt post-excerpt-bc\" readability=\"40\">\n<p>Rabat \u2013 Les \u00e9l\u00e9ments de la police judiciaire de Benguerir ont arr\u00eat\u00e9, samedi matin, un individu \u00e2g\u00e9 de 32 ans, aux multiples ant\u00e9c\u00e9dents judiciaires, pour son implication pr\u00e9sum\u00e9e dans une affaire de coups, blessures \u00e0 l\u2019arme blanche, s\u00e9questration et menace.<\/p>\n<\/div>\n<div class=\"entry-content clearfix single-post-content\" readability=\"56\">\n<p>Les \u00e9l\u00e9ments de police se sont intervenus pour arr\u00eater le suspect qui a agress\u00e9 physiquement, \u00e0 l\u2019aide d\u2019un objet tronchant, son fr\u00e8re \u00e2g\u00e9 de 60 ans, lui infligeant une blessure grave, indique un communiqu\u00e9 de la Direction g\u00e9n\u00e9rale de la s\u00fbret\u00e9 nationale (DGSN).<\/p>\n<p>Selon la m\u00eame source, le mis en cause, dans un \u00e9tat d\u2019\u00e9bri\u00e9t\u00e9 avanc\u00e9 et en possession d\u2019un couteau, a refus\u00e9 de se soumette en se cachant dans son domicile, pr\u00e9cisant qu\u2019il a \u00e9galement recouru \u00e0 la s\u00e9questration de sa femme et son b\u00e9b\u00e9 dans une tentative d\u2019\u00e9viter son arrestation.<\/p>\n<p>Les mesures s\u00e9curitaires pr\u00e9ventives adopt\u00e9es ont permis d\u2019arr\u00eater le mis en cause, prot\u00e9ger l\u2019\u00e9pouse et son b\u00e9b\u00e9, et saisir l\u2019arme blanche, ajoute le communiqu\u00e9.<\/p>\n<p>Le mis en cause a \u00e9t\u00e9 plac\u00e9 en garde \u00e0 vue pour les besoins de l\u2019enqu\u00eate judiciaire men\u00e9e sous la supervision du parquet comp\u00e9tent.<\/p>\n<\/div>\n<p>Auteur: Meriem IGASS<br \/>\n<a href=\"http:\/\/www.mapmarrakech.ma\/fr\/arrestation-dun-individu-pour-coups-et-blessures-a-larme-blanche\/\">Cliquez ici pour lire l&rsquo;article depuis sa source.<\/a><\/p>\n","protected":false},"excerpt":{"rendered":"<p>Rabat \u2013 Les \u00e9l\u00e9ments de la police judiciaire de Benguerir ont arr\u00eat\u00e9, samedi matin, un individu \u00e2g\u00e9 de 32 ans, aux multiples ant\u00e9c\u00e9dents judiciaires, pour son implication pr\u00e9sum\u00e9e dans une affaire de coups, blessures \u00e0 l\u2019arme blanche, s\u00e9questration et menace. Les \u00e9l\u00e9ments de police se sont intervenus pour arr\u00eater le suspect qui a agress\u00e9 physiquement, [&hellip;]<\/p>\n","protected":false},"author":1788,"featured_media":59076,"comment_status":"closed","ping_status":"closed","sticky":false,"template":"","format":"standard","meta":{"fifu_image_url":"","fifu_image_alt":"","footnotes":""},"categories":[54,76],"tags":[],"class_list":["post-59075","post","type-post","status-publish","format-standard","has-post-thumbnail","hentry","category-maroc","category-regions"],"_links":{"self":[{"href":"https:\/\/linitiative.ca\/International\/wp-json\/wp\/v2\/posts\/59075","targetHints":{"allow":["GET"]}}],"collection":[{"href":"https:\/\/linitiative.ca\/International\/wp-json\/wp\/v2\/posts"}],"about":[{"href":"https:\/\/linitiative.ca\/International\/wp-json\/wp\/v2\/types\/post"}],"author":[{"embeddable":true,"href":"https:\/\/linitiative.ca\/International\/wp-json\/wp\/v2\/users\/1788"}],"replies":[{"embeddable":true,"href":"https:\/\/linitiative.ca\/International\/wp-json\/wp\/v2\/comments?post=59075"}],"version-history":[{"count":0,"href":"https:\/\/linitiative.ca\/International\/wp-json\/wp\/v2\/posts\/59075\/revisions"}],"wp:featuredmedia":[{"embeddable":true,"href":"https:\/\/linitiative.ca\/International\/wp-json\/"}],"wp:attachment":[{"href":"https:\/\/linitiative.ca\/International\/wp-json\/wp\/v2\/media?parent=59075"}],"wp:term":[{"taxonomy":"category","embeddable":true,"href":"https:\/\/linitiative.ca\/International\/wp-json\/wp\/v2\/categories?post=59075"},{"taxonomy":"post_tag","embeddable":true,"href":"https:\/\/linitiative.ca\/International\/wp-json\/wp\/v2\/tags?post=59075"}],"curies":[{"name":"wp","href":"https:\/\/api.w.org\/{rel}","templated":true}]}}