{"id":59109,"date":"2019-08-24T16:23:00","date_gmt":"2019-08-24T20:23:00","guid":{"rendered":"https:\/\/linitiative.ca\/International\/dgsn-ounissi-khalifa-nouveau-patron-de-la-police\/"},"modified":"2019-08-24T16:23:00","modified_gmt":"2019-08-24T20:23:00","slug":"dgsn-ounissi-khalifa-nouveau-patron-de-la-police","status":"publish","type":"post","link":"https:\/\/linitiative.ca\/International\/dgsn-ounissi-khalifa-nouveau-patron-de-la-police\/","title":{"rendered":"DGSN : Ounissi Khalifa, nouveau patron de la police"},"content":{"rendered":"<p><br id=\"sep_para_1\" class=\"sep_para access\"\/><\/p>\n<div id=\"para_1\" class=\"para_32680729 resize\">\n<div class=\"photo shadow left\"><a href=\"javascript:void(0)\" rel=\"https:\/\/www.reflexiondz.net\/photo\/art\/grande\/36714113-32680729.jpg?v=1566679807&#038;ibox\" title=\"DGSN : Ounissi Khalifa, nouveau patron de la police\"><img decoding=\"async\" class=\"responsive c9\" src=\"https:\/\/www.reflexiondz.net\/photo\/art\/grande\/36714113-32680729.jpg?v=1566679807\" alt=\"DGSN : Ounissi Khalifa, nouveau patron de la police\" title=\"DGSN : Ounissi Khalifa, nouveau patron de la police\"\/><img decoding=\"async\" class=\"not-responsive\" src=\"https:\/\/www.reflexiondz.net\/photo\/art\/default\/36714113-32680729.jpg?v=1566679809\" alt=\"DGSN : Ounissi Khalifa, nouveau patron de la police\" title=\"DGSN : Ounissi Khalifa, nouveau patron de la police\"\/><\/a><\/div>\n<div class=\"texte access firstletter\">Le chef de l&rsquo;Etat, Abdelkader Bensalah a\u00a0 d\u00e9sign\u00e9\u00a0 samedi Ounissi Khelifa au poste de nouveau DGSN, en remplacement de Abdelkader Bouhedba dont il est mis fin aux fonctions, selon un communiqu\u00e9 de la pr\u00e9sidence de la R\u00e9publique. Ounissi Khelifa est un ancien Contr\u00f4leur de police qui avait occup\u00e9 le poste de Directeur de la police aux fronti\u00e8res avant d\u2019\u00eatre mis \u00e0 la retraite, par l\u2019ancien DGSN Abdelghani Hamel en 2012.<\/div>\n<\/div>\n<p>Auteur: Ismain<br \/>\n<a href=\"https:\/\/www.reflexiondz.net\/DGSN-Ounissi-Khalifa-nouveau-patron-de-la-police_a57285.html\">Cliquez ici pour lire l&rsquo;article depuis sa source.<\/a><\/p>\n","protected":false},"excerpt":{"rendered":"<p>Le chef de l&rsquo;Etat, Abdelkader Bensalah a\u00a0 d\u00e9sign\u00e9\u00a0 samedi Ounissi Khelifa au poste de nouveau DGSN, en remplacement de Abdelkader Bouhedba dont il est mis fin aux fonctions, selon un communiqu\u00e9 de la pr\u00e9sidence de la R\u00e9publique. Ounissi Khelifa est un ancien Contr\u00f4leur de police qui avait occup\u00e9 le poste de Directeur de la police [&hellip;]<\/p>\n","protected":false},"author":1740,"featured_media":0,"comment_status":"closed","ping_status":"closed","sticky":false,"template":"","format":"standard","meta":{"fifu_image_url":"","fifu_image_alt":"","footnotes":""},"categories":[53,76],"tags":[],"class_list":["post-59109","post","type-post","status-publish","format-standard","hentry","category-algerie","category-regions"],"_links":{"self":[{"href":"https:\/\/linitiative.ca\/International\/wp-json\/wp\/v2\/posts\/59109","targetHints":{"allow":["GET"]}}],"collection":[{"href":"https:\/\/linitiative.ca\/International\/wp-json\/wp\/v2\/posts"}],"about":[{"href":"https:\/\/linitiative.ca\/International\/wp-json\/wp\/v2\/types\/post"}],"author":[{"embeddable":true,"href":"https:\/\/linitiative.ca\/International\/wp-json\/wp\/v2\/users\/1740"}],"replies":[{"embeddable":true,"href":"https:\/\/linitiative.ca\/International\/wp-json\/wp\/v2\/comments?post=59109"}],"version-history":[{"count":0,"href":"https:\/\/linitiative.ca\/International\/wp-json\/wp\/v2\/posts\/59109\/revisions"}],"wp:attachment":[{"href":"https:\/\/linitiative.ca\/International\/wp-json\/wp\/v2\/media?parent=59109"}],"wp:term":[{"taxonomy":"category","embeddable":true,"href":"https:\/\/linitiative.ca\/International\/wp-json\/wp\/v2\/categories?post=59109"},{"taxonomy":"post_tag","embeddable":true,"href":"https:\/\/linitiative.ca\/International\/wp-json\/wp\/v2\/tags?post=59109"}],"curies":[{"name":"wp","href":"https:\/\/api.w.org\/{rel}","templated":true}]}}