{"id":59125,"date":"2019-08-25T12:25:21","date_gmt":"2019-08-25T16:25:21","guid":{"rendered":"https:\/\/linitiative.ca\/International\/tunisie-video-elyes-fakhfakh-confirme-disposer-de-la-nationalite-francaise-et-repond-a-safi-said\/"},"modified":"2019-08-25T12:25:21","modified_gmt":"2019-08-25T16:25:21","slug":"tunisie-video-elyes-fakhfakh-confirme-disposer-de-la-nationalite-francaise-et-repond-a-safi-said","status":"publish","type":"post","link":"https:\/\/linitiative.ca\/International\/tunisie-video-elyes-fakhfakh-confirme-disposer-de-la-nationalite-francaise-et-repond-a-safi-said\/","title":{"rendered":"Tunisie [Vid\u00e9o]: Elyes Fakhfakh confirme disposer de la nationalit\u00e9 fran\u00e7aise et r\u00e9pond \u00e0 Safi Sa\u00efd"},"content":{"rendered":"<div class=\"post-cont-in left relative\">\n<div class=\"swp_social_panel swp_horizontal_panel swp_flat_fresh swp_default_full_color swp_individual_full_color swp_other_full_color scale-100 scale-\" data-min-width=\"1100\" data-float-color=\"#ffffff\" data-float=\"none\" data-float-mobile=\"none\" data-transition=\"slide\">\n<div class=\"nc_tweetContainer swp_share_button total_shares total_sharesalt\"><span class=\"swp_count\">15 <span class=\"swp_label\">Partages<\/span><\/span><\/div>\n<\/div>\n<p>Elyes Fakhfakh, candidat \u00e0 l\u2019\u00e9lection pr\u00e9sidentielle, a comment\u00e9, dans un entretien sur Tunisienum\u00e9rique, la d\u00e9claration de Safi Sa\u00efd qui consid\u00e8re chaque candidat \u00e0 la pr\u00e9sidence disposant d\u2019une seconde nationalit\u00e9 comme un \u201ctra\u00eetre\u201d.<\/p>\n<p>\u201cJ\u2019ai la nationalit\u00e9 fran\u00e7aise et je vais prendre des mesures pour l\u2019abandonner, conform\u00e9ment \u00e0 la Constitution tunisienne, mais je pense que je suis plus patriote et plus\u00a0aimant envers la Tunisie que certains qui n\u2019ont que la citoyennet\u00e9 tunisienne\u201d, a ajout\u00e9 Fakhfakh.<\/p>\n<div class=\"code-block code-block-1 c4\"><ins class=\"adsbygoogle c3\" data-ad-layout=\"in-article\" data-ad-format=\"fluid\" data-ad-client=\"ca-pub-2102118777505746\" data-ad-slot=\"7301775417\"\/> <\/div>\n<p>Il a \u00e9galement soulign\u00e9 que les conditions de travail et le s\u00e9jour de nombreux Tunisiens \u00e0 l\u2019\u00e9tranger les ont incita\u00e9s \u00e0 rechercher des nationalit\u00e9s \u00e9trang\u00e8res.<\/p>\n<p>Il est \u00e0 noter que le candidat \u00e0 la pr\u00e9sidence, Safi Sa\u00efd, a d\u00e9clar\u00e9 dans un entretien\u00a0\u00e0 Tunisienum\u00e9rique que chaque candidat \u00e0 la pr\u00e9sidence d\u00e9tenant la double nationalit\u00e9 serait perfide, car sa loyaut\u00e9 serait donn\u00e9e \u00e0 l\u2019\u00e9tranger et ne sera pas ind\u00e9pendant dans ses d\u00e9cisions.<\/p>\n<p><strong>Que se passe-t-il en Tunisie?<\/strong><br \/>Nous expliquons sur notre <a href=\"https:\/\/www.youtube.com\/channel\/UCRzypVq0B_yBad5eGrwBx0Q?sub_confirmation=1\" target=\"_blank\" rel=\"noopener noreferrer\">cha\u00eene YouTube<\/a> . <a href=\"https:\/\/www.youtube.com\/channel\/UCRzypVq0B_yBad5eGrwBx0Q?sub_confirmation=1\" target=\"_blank\" rel=\"noopener noreferrer\">Abonnez-vous!<\/a><\/p>\n<div class=\"mvp-org-wrap mvp-org-logo\" itemprop=\"publisher\" itemscope=\"\" itemtype=\"https:\/\/schema.org\/Organization\">\n<p><img decoding=\"async\" src=\"https:\/\/www.tunisienumerique.com\/wp-content\/uploads\/2017\/02\/logo_tunisie_numerique.png\"\/><\/p>\n<\/div>\n<div class=\"swp_social_panel swp_horizontal_panel swp_flat_fresh swp_default_full_color swp_individual_full_color swp_other_full_color scale-100 scale-\" data-min-width=\"1100\" data-float-color=\"#ffffff\" data-float=\"none\" data-float-mobile=\"none\" data-transition=\"slide\">\n<div class=\"nc_tweetContainer swp_share_button total_shares total_sharesalt\"><span class=\"swp_count\">15 <span class=\"swp_label\">Partages<\/span><\/span><\/div>\n<\/div>\n<div class=\"mvp-related-posts left relative\">\n<h4 class=\"post-header\"><span class=\"post-header\">Lire aussi<\/span><\/h4>\n<\/div>\n<\/div>\n<p>Auteur: Mourad S<br \/>\n<a href=\"https:\/\/www.tunisienumerique.com\/tunisie-video-elyes-fakhfakh-confirme-disposer-de-la-nationalite-francaise-et-repond-a-safi-said\/\">Cliquez ici pour lire l&rsquo;article depuis sa source.<\/a><\/p>\n","protected":false},"excerpt":{"rendered":"<p>15 Partages Elyes Fakhfakh, candidat \u00e0 l\u2019\u00e9lection pr\u00e9sidentielle, a comment\u00e9, dans un entretien sur Tunisienum\u00e9rique, la d\u00e9claration de Safi Sa\u00efd qui consid\u00e8re chaque candidat \u00e0 la pr\u00e9sidence disposant d\u2019une seconde nationalit\u00e9 comme un \u201ctra\u00eetre\u201d. \u201cJ\u2019ai la nationalit\u00e9 fran\u00e7aise et je vais prendre des mesures pour l\u2019abandonner, conform\u00e9ment \u00e0 la Constitution tunisienne, mais je pense que [&hellip;]<\/p>\n","protected":false},"author":1789,"featured_media":59126,"comment_status":"closed","ping_status":"closed","sticky":false,"template":"","format":"standard","meta":{"fifu_image_url":"","fifu_image_alt":"","footnotes":""},"categories":[73,55],"tags":[],"class_list":["post-59125","post","type-post","status-publish","format-standard","has-post-thumbnail","hentry","category-actualite","category-tunisie"],"_links":{"self":[{"href":"https:\/\/linitiative.ca\/International\/wp-json\/wp\/v2\/posts\/59125","targetHints":{"allow":["GET"]}}],"collection":[{"href":"https:\/\/linitiative.ca\/International\/wp-json\/wp\/v2\/posts"}],"about":[{"href":"https:\/\/linitiative.ca\/International\/wp-json\/wp\/v2\/types\/post"}],"author":[{"embeddable":true,"href":"https:\/\/linitiative.ca\/International\/wp-json\/wp\/v2\/users\/1789"}],"replies":[{"embeddable":true,"href":"https:\/\/linitiative.ca\/International\/wp-json\/wp\/v2\/comments?post=59125"}],"version-history":[{"count":0,"href":"https:\/\/linitiative.ca\/International\/wp-json\/wp\/v2\/posts\/59125\/revisions"}],"wp:featuredmedia":[{"embeddable":true,"href":"https:\/\/linitiative.ca\/International\/wp-json\/"}],"wp:attachment":[{"href":"https:\/\/linitiative.ca\/International\/wp-json\/wp\/v2\/media?parent=59125"}],"wp:term":[{"taxonomy":"category","embeddable":true,"href":"https:\/\/linitiative.ca\/International\/wp-json\/wp\/v2\/categories?post=59125"},{"taxonomy":"post_tag","embeddable":true,"href":"https:\/\/linitiative.ca\/International\/wp-json\/wp\/v2\/tags?post=59125"}],"curies":[{"name":"wp","href":"https:\/\/api.w.org\/{rel}","templated":true}]}}