{"id":59127,"date":"2019-08-25T12:53:04","date_gmt":"2019-08-25T16:53:04","guid":{"rendered":"https:\/\/linitiative.ca\/International\/tunisie-video-changer-la-troika-ou-le-systeme-politique-nameliorera-pas-les-conditions-des-tunisiens-selon-elyes-fakhfakh\/"},"modified":"2019-08-25T12:53:04","modified_gmt":"2019-08-25T16:53:04","slug":"tunisie-video-changer-la-troika-ou-le-systeme-politique-nameliorera-pas-les-conditions-des-tunisiens-selon-elyes-fakhfakh","status":"publish","type":"post","link":"https:\/\/linitiative.ca\/International\/tunisie-video-changer-la-troika-ou-le-systeme-politique-nameliorera-pas-les-conditions-des-tunisiens-selon-elyes-fakhfakh\/","title":{"rendered":"Tunisie [Vid\u00e9o]: Changer la Tro\u00efka ou le syst\u00e8me politique n\u2019am\u00e9liorera pas les conditions des Tunisiens, selon Elyes Fakhfakh"},"content":{"rendered":"<div class=\"post-cont-in left relative\">\n<div class=\"swp_social_panel swp_horizontal_panel swp_flat_fresh swp_default_full_color swp_individual_full_color swp_other_full_color scale-100 scale-\" data-min-width=\"1100\" data-float-color=\"#ffffff\" data-float=\"none\" data-float-mobile=\"none\" data-transition=\"slide\">\n<div class=\"nc_tweetContainer swp_share_button total_shares total_sharesalt\"><span class=\"swp_count\">7 <span class=\"swp_label\">Partages<\/span><\/span><\/div>\n<\/div>\n<p>Le candidat \u00e0 l\u2019\u00e9lection pr\u00e9sidentielle, Elyes Fakhfakh, a affirm\u00e9 dans une interview en live\u00a0\u00e0 Tunisienum\u00e9rique,\u00a0que la demande de certains de changer la nature du syst\u00e8me politique actuel, n\u2019aura pas d\u2019impact sur\u00a0l\u2019am\u00e9lioration du niveau de vie du citoyen. Il a soulign\u00e9 que le respect au pr\u00e9sident de la R\u00e9publique se fait\u00a0sur la base de sa personnalit\u00e9, des services qu\u2019il a rendus au peuple et non sur le fait qu\u2019il soit issu d\u2019un r\u00e9gime pr\u00e9sidentiel parlementaire.<\/p>\n<p>Fakhafakh a \u00e9galement\u00a0d\u00e9clar\u00e9 que la demande qu\u2019on avait faite de changer la Tro\u00efka pour am\u00e9liorer la situation du pays \u00e9tait erron\u00e9e. La Tro\u00efka\u00a0a \u00e9t\u00e9 renvers\u00e9e et cela n\u2019a pas am\u00e9lior\u00e9 les conditions de vie des Tunisiens.<\/p>\n<div class=\"code-block code-block-1 c4\"><ins class=\"adsbygoogle c3\" data-ad-layout=\"in-article\" data-ad-format=\"fluid\" data-ad-client=\"ca-pub-2102118777505746\" data-ad-slot=\"7301775417\"\/> <\/div>\n<p>Ancien ministre des Finances sous le gouvernement de la Tro\u00efka dirig\u00e9e par Ennahdha (Congr\u00e8s pour la R\u00e9publique, Ettakattol et Ennahdha) 2012 \u00e0 2014, Elyes Fakhfakh est issu des rangs du parti Ettakattol.<\/p>\n<p><strong>Que se passe-t-il en Tunisie?<\/strong><br \/>Nous expliquons sur notre <a href=\"https:\/\/www.youtube.com\/channel\/UCRzypVq0B_yBad5eGrwBx0Q?sub_confirmation=1\" target=\"_blank\" rel=\"noopener noreferrer\">cha\u00eene YouTube<\/a> . <a href=\"https:\/\/www.youtube.com\/channel\/UCRzypVq0B_yBad5eGrwBx0Q?sub_confirmation=1\" target=\"_blank\" rel=\"noopener noreferrer\">Abonnez-vous!<\/a><\/p>\n<div class=\"mvp-org-wrap mvp-org-logo\" itemprop=\"publisher\" itemscope=\"\" itemtype=\"https:\/\/schema.org\/Organization\">\n<p><img decoding=\"async\" src=\"https:\/\/www.tunisienumerique.com\/wp-content\/uploads\/2017\/02\/logo_tunisie_numerique.png\"\/><\/p>\n<\/div>\n<div class=\"swp_social_panel swp_horizontal_panel swp_flat_fresh swp_default_full_color swp_individual_full_color swp_other_full_color scale-100 scale-\" data-min-width=\"1100\" data-float-color=\"#ffffff\" data-float=\"none\" data-float-mobile=\"none\" data-transition=\"slide\">\n<div class=\"nc_tweetContainer swp_share_button total_shares total_sharesalt\"><span class=\"swp_count\">7 <span class=\"swp_label\">Partages<\/span><\/span><\/div>\n<\/div>\n<div class=\"mvp-related-posts left relative\">\n<h4 class=\"post-header\"><span class=\"post-header\">Lire aussi<\/span><\/h4>\n<\/div>\n<\/div>\n<p>Auteur: Mourad S<br \/>\n<a href=\"https:\/\/www.tunisienumerique.com\/tunisie-video-changer-la-troika-ou-le-systeme-politique-nameliorera-pas-les-conditions-des-tunisiens-selon-elyes-fakhfakh\/\">Cliquez ici pour lire l&rsquo;article depuis sa source.<\/a><\/p>\n","protected":false},"excerpt":{"rendered":"<p>7 Partages Le candidat \u00e0 l\u2019\u00e9lection pr\u00e9sidentielle, Elyes Fakhfakh, a affirm\u00e9 dans une interview en live\u00a0\u00e0 Tunisienum\u00e9rique,\u00a0que la demande de certains de changer la nature du syst\u00e8me politique actuel, n\u2019aura pas d\u2019impact sur\u00a0l\u2019am\u00e9lioration du niveau de vie du citoyen. Il a soulign\u00e9 que le respect au pr\u00e9sident de la R\u00e9publique se fait\u00a0sur la base de [&hellip;]<\/p>\n","protected":false},"author":1789,"featured_media":59128,"comment_status":"closed","ping_status":"closed","sticky":false,"template":"","format":"standard","meta":{"fifu_image_url":"","fifu_image_alt":"","footnotes":""},"categories":[73,55],"tags":[],"class_list":["post-59127","post","type-post","status-publish","format-standard","has-post-thumbnail","hentry","category-actualite","category-tunisie"],"_links":{"self":[{"href":"https:\/\/linitiative.ca\/International\/wp-json\/wp\/v2\/posts\/59127","targetHints":{"allow":["GET"]}}],"collection":[{"href":"https:\/\/linitiative.ca\/International\/wp-json\/wp\/v2\/posts"}],"about":[{"href":"https:\/\/linitiative.ca\/International\/wp-json\/wp\/v2\/types\/post"}],"author":[{"embeddable":true,"href":"https:\/\/linitiative.ca\/International\/wp-json\/wp\/v2\/users\/1789"}],"replies":[{"embeddable":true,"href":"https:\/\/linitiative.ca\/International\/wp-json\/wp\/v2\/comments?post=59127"}],"version-history":[{"count":0,"href":"https:\/\/linitiative.ca\/International\/wp-json\/wp\/v2\/posts\/59127\/revisions"}],"wp:featuredmedia":[{"embeddable":true,"href":"https:\/\/linitiative.ca\/International\/wp-json\/"}],"wp:attachment":[{"href":"https:\/\/linitiative.ca\/International\/wp-json\/wp\/v2\/media?parent=59127"}],"wp:term":[{"taxonomy":"category","embeddable":true,"href":"https:\/\/linitiative.ca\/International\/wp-json\/wp\/v2\/categories?post=59127"},{"taxonomy":"post_tag","embeddable":true,"href":"https:\/\/linitiative.ca\/International\/wp-json\/wp\/v2\/tags?post=59127"}],"curies":[{"name":"wp","href":"https:\/\/api.w.org\/{rel}","templated":true}]}}