{"id":59131,"date":"2019-08-25T13:52:33","date_gmt":"2019-08-25T17:52:33","guid":{"rendered":"https:\/\/linitiative.ca\/International\/coupe-de-la-caf-lus-ben-guerdane-en-16e-de-finale\/"},"modified":"2019-08-25T13:52:33","modified_gmt":"2019-08-25T17:52:33","slug":"coupe-de-la-caf-lus-ben-guerdane-en-16e-de-finale","status":"publish","type":"post","link":"https:\/\/linitiative.ca\/International\/coupe-de-la-caf-lus-ben-guerdane-en-16e-de-finale\/","title":{"rendered":"Coupe de la CAF : l\u2019US Ben\u00a0Guerdane\u00a0en 16e de finale"},"content":{"rendered":"<div class=\"nc_socialPanel swp_flatFresh swp_d_fullColor swp_i_fullColor swp_o_fullColor scale-100 scale-fullWidth\" data-position=\"none\" data-float=\"floatNone\" data-count=\"5\" data-floatcolor=\"#ffffff\" data-emphasize=\"0\">\n<div class=\"nc_tweetContainer totes totesalt\" data-id=\"6\"><span class=\"swp_count\"><span class=\"swp_label\">Partages<\/span> 0<\/span><\/div>\n<\/div>\n<p><span data-contrast=\"auto\">Suite \u00e0 une large domination au match aller face aux sud-soudanais d\u2019<\/span><span data-contrast=\"auto\">Amarat<\/span><span data-contrast=\"auto\">\u00a0United pour le compte du premier tour de qualifications de la Coupe de la CAF<\/span><span data-contrast=\"auto\">, l\u2019Union Sportive de\u00a0<\/span><span data-contrast=\"auto\">Ben\u00a0<\/span><span data-contrast=\"auto\">Guerdane<\/span><span data-contrast=\"auto\">\u00a0s\u2019est qualifi\u00e9e pour les 16\u00e8mes de finale apr\u00e8s un match nul cet apr\u00e8s-midi (0-0).<\/span><span data-ccp-props=\"{\"201341983\":0,\"335559739\":160,\"335559740\":259}\">\u00a0<\/span><\/p>\n<p><span data-contrast=\"auto\">L\u2019<\/span><span data-contrast=\"auto\">US Ben\u00a0<\/span><span data-contrast=\"auto\">Guerdane<\/span><span data-contrast=\"auto\">\u00a0fera face, en 16\u00e8mes de finale de la<\/span><span data-contrast=\"auto\">\u00a0Coupe de la Conf\u00e9d\u00e9ration, aux\u00a0<\/span><span data-contrast=\"auto\">kenyans de\u00a0<\/span><span data-contrast=\"auto\">Bandari<\/span><span data-contrast=\"auto\">\u00a0FC<\/span><span data-contrast=\"auto\">.<\/span><span data-ccp-props=\"{\"201341983\":0,\"335559739\":160,\"335559740\":259}\">\u00a0<\/span><\/p>\n<div class=\"code-block code-block-1 c4\"><ins class=\"adsbygoogle c3\" data-ad-layout=\"in-article\" data-ad-format=\"fluid\" data-ad-client=\"ca-pub-2102118777505746\" data-ad-slot=\"7301775417\"\/> <\/div>\n<p><span data-contrast=\"auto\">Le match aller aura lieu au Kenya entre le 13 et le 15 septembre.<\/span><span data-ccp-props=\"{\"201341983\":0,\"335559739\":160,\"335559740\":259}\">\u00a0<\/span><\/p>\n<p><span data-contrast=\"auto\">La deuxi\u00e8me manche sera disput\u00e9e en Tunisie entre le 27 et le 29 septembre.<\/span><span data-ccp-props=\"{\"201341983\":0,\"335559739\":160,\"335559740\":259}\">\u00a0<\/span><\/p>\n<div class=\"mvp-org-wrap mvp-org-logo\" itemprop=\"publisher\" itemscope=\"\" itemtype=\"https:\/\/schema.org\/Organization\"><img decoding=\"async\" src=\"https:\/\/sport.tunisienumerique.com\/wp-content\/uploads\/2017\/05\/logo_tunisie_numerique.png\"\/><\/div>\n<div class=\"nc_socialPanel swp_flatFresh swp_d_fullColor swp_i_fullColor swp_o_fullColor scale-100 scale-fullWidth\" data-position=\"none\" data-float=\"floatNone\" data-count=\"5\" data-floatcolor=\"#ffffff\" data-emphasize=\"0\">\n<div class=\"nc_tweetContainer totes totesalt\" data-id=\"6\"><span class=\"swp_count\"><span class=\"swp_label\">Partages<\/span> 0<\/span><\/div>\n<\/div>\n<div class=\"mvp-related-posts left relative\">\n<h4 class=\"post-header\"><span class=\"post-header\">Lire aussi<\/span><\/h4>\n<\/div>\n<p>Auteur:<br \/>\n<a href=\"https:\/\/sport.tunisienumerique.com\/coupe-de-caf-lus-ben-guerdane-16e-de-finale\/\">Cliquez ici pour lire l&rsquo;article depuis sa source.<\/a><\/p>\n","protected":false},"excerpt":{"rendered":"<p>Partages 0 Suite \u00e0 une large domination au match aller face aux sud-soudanais d\u2019Amarat\u00a0United pour le compte du premier tour de qualifications de la Coupe de la CAF, l\u2019Union Sportive de\u00a0Ben\u00a0Guerdane\u00a0s\u2019est qualifi\u00e9e pour les 16\u00e8mes de finale apr\u00e8s un match nul cet apr\u00e8s-midi (0-0).\u00a0 L\u2019US Ben\u00a0Guerdane\u00a0fera face, en 16\u00e8mes de finale de la\u00a0Coupe de la [&hellip;]<\/p>\n","protected":false},"author":1789,"featured_media":59132,"comment_status":"closed","ping_status":"closed","sticky":false,"template":"","format":"standard","meta":{"fifu_image_url":"","fifu_image_alt":"","footnotes":""},"categories":[73,55],"tags":[],"class_list":["post-59131","post","type-post","status-publish","format-standard","has-post-thumbnail","hentry","category-actualite","category-tunisie"],"_links":{"self":[{"href":"https:\/\/linitiative.ca\/International\/wp-json\/wp\/v2\/posts\/59131","targetHints":{"allow":["GET"]}}],"collection":[{"href":"https:\/\/linitiative.ca\/International\/wp-json\/wp\/v2\/posts"}],"about":[{"href":"https:\/\/linitiative.ca\/International\/wp-json\/wp\/v2\/types\/post"}],"author":[{"embeddable":true,"href":"https:\/\/linitiative.ca\/International\/wp-json\/wp\/v2\/users\/1789"}],"replies":[{"embeddable":true,"href":"https:\/\/linitiative.ca\/International\/wp-json\/wp\/v2\/comments?post=59131"}],"version-history":[{"count":0,"href":"https:\/\/linitiative.ca\/International\/wp-json\/wp\/v2\/posts\/59131\/revisions"}],"wp:featuredmedia":[{"embeddable":true,"href":"https:\/\/linitiative.ca\/International\/wp-json\/"}],"wp:attachment":[{"href":"https:\/\/linitiative.ca\/International\/wp-json\/wp\/v2\/media?parent=59131"}],"wp:term":[{"taxonomy":"category","embeddable":true,"href":"https:\/\/linitiative.ca\/International\/wp-json\/wp\/v2\/categories?post=59131"},{"taxonomy":"post_tag","embeddable":true,"href":"https:\/\/linitiative.ca\/International\/wp-json\/wp\/v2\/tags?post=59131"}],"curies":[{"name":"wp","href":"https:\/\/api.w.org\/{rel}","templated":true}]}}